{"id":4225,"date":"2023-01-21T12:54:39","date_gmt":"2023-01-21T12:54:39","guid":{"rendered":"https:\/\/turisme.olocau.es\/festes-de-sant-antoni\/"},"modified":"2023-01-21T13:01:43","modified_gmt":"2023-01-21T13:01:43","slug":"festes-de-sant-antoni","status":"publish","type":"post","link":"https:\/\/turisme.olocau.es\/en\/festes-de-sant-antoni\/","title":{"rendered":"Festes de Sant Antoni"},"content":{"rendered":"\t\t<div data-elementor-type=\"wp-post\" data-elementor-id=\"4225\" class=\"elementor elementor-4225 elementor-4215\" data-elementor-post-type=\"post\">\n\t\t\t\t\t\t<section class=\"elementor-section elementor-top-section elementor-element elementor-element-0a60155 elementor-section-boxed elementor-section-height-default elementor-section-height-default\" data-id=\"0a60155\" data-element_type=\"section\" data-e-type=\"section\">\n\t\t\t\t\t\t<div class=\"elementor-container elementor-column-gap-default\">\n\t\t\t\t\t<div class=\"elementor-column elementor-col-100 elementor-top-column elementor-element elementor-element-badb391\" data-id=\"badb391\" data-element_type=\"column\" data-e-type=\"column\">\n\t\t\t<div class=\"elementor-widget-wrap elementor-element-populated\">\n\t\t\t\t\t\t<section class=\"elementor-section elementor-inner-section elementor-element elementor-element-c913f6c elementor-section-boxed elementor-section-height-default elementor-section-height-default\" data-id=\"c913f6c\" data-element_type=\"section\" data-e-type=\"section\">\n\t\t\t\t\t\t<div class=\"elementor-container elementor-column-gap-default\">\n\t\t\t\t\t<div class=\"elementor-column elementor-col-50 elementor-inner-column elementor-element elementor-element-37ae37f\" data-id=\"37ae37f\" data-element_type=\"column\" data-e-type=\"column\">\n\t\t\t<div class=\"elementor-widget-wrap elementor-element-populated\">\n\t\t\t\t\t\t<div class=\"elementor-element elementor-element-fa37756 elementor-widget elementor-widget-text-editor\" data-id=\"fa37756\" data-element_type=\"widget\" data-e-type=\"widget\" data-widget_type=\"text-editor.default\">\n\t\t\t\t<div class=\"elementor-widget-container\">\n\t\t\t\t\t\t\t\t\t<p>DATA DE L&#8217;EVENT:<\/p>\n\t\t\t\t\t\t\t\t<\/div>\n\t\t\t\t<\/div>\n\t\t\t\t\t<\/div>\n\t\t<\/div>\n\t\t\t\t<div class=\"elementor-column elementor-col-50 elementor-inner-column elementor-element elementor-element-b9fe006\" data-id=\"b9fe006\" data-element_type=\"column\" data-e-type=\"column\">\n\t\t\t<div class=\"elementor-widget-wrap elementor-element-populated\">\n\t\t\t\t\t\t<div class=\"elementor-element elementor-element-1593650 elementor-widget elementor-widget-text-editor\" data-id=\"1593650\" data-element_type=\"widget\" data-e-type=\"widget\" data-widget_type=\"text-editor.default\">\n\t\t\t\t<div class=\"elementor-widget-container\">\n\t\t\t\t\t\t\t\t\t<p>20, 21 i 22 de gener.<\/p>\n\t\t\t\t\t\t\t\t<\/div>\n\t\t\t\t<\/div>\n\t\t\t\t\t<\/div>\n\t\t<\/div>\n\t\t\t\t\t<\/div>\n\t\t<\/section>\n\t\t\t\t<div class=\"elementor-element elementor-element-83a7e54 elementor-widget elementor-widget-text-editor\" data-id=\"83a7e54\" data-element_type=\"widget\" data-e-type=\"widget\" data-widget_type=\"text-editor.default\">\n\t\t\t\t<div class=\"elementor-widget-container\">\n\t\t\t\t\t\t\t\t\t<div>\n<h3 dir=\"auto\"><strong>Festes de Sant Antoni<\/strong><\/h3>\n<\/div>\n<div>\n<div dir=\"auto\">\n<div>\n<div dir=\"auto\">\n<p>Les Festes en honor a Sant Antoni Abat portaran a Olocau durant els dies 20, 21 i 22 de gener tota la tradici\u00f3 i l&#8217;emoci\u00f3 que caracteritzen a aquesta celebraci\u00f3 tan arrelada en el municipi.<\/p>\n<p>Hist\u00f2ricament lligada al solstici d&#8217;hivern i <strong>declarada Festa d&#8217;Inter\u00e8s Tur\u00edstic Local de la Comunitat Valenciana <\/strong>en 2019, es tracta d&#8217;una de les cites m\u00e9s importants de l&#8217;any per a ve\u00efns, ve\u00efnes i visitants.<\/p>\n<p>En aquesta ocasi\u00f3, i a causa de l&#8217;eliminaci\u00f3 de les restriccions per la pand\u00e8mia de COVID-19, el programa d&#8217;activitats recupera tota la seva ess\u00e8ncia i compta amb esdeveniments que, seguint la tradici\u00f3, tindran un marcat car\u00e0cter popular. Uns esdeveniments que comen\u00e7aran, com cada any, amb la finalitzaci\u00f3 del muntatge de la Foguera en la Pla\u00e7a Major i el volteig de campanes del divendres.<\/p>\n<p>El dissabte 21, tornar\u00e0 el <strong>concurs de dibuix infantil de la Foguera<\/strong> i es recuperar\u00e0 un acte tan volgut per tots com el<strong> Menjar de Germanor d&#8217;arr\u00f2s amb fesols i naps<\/strong> (els tiquets es poden adquirir a l&#8217;Ajuntament des del dia 12 i fins al dijous 19). A la tarda, els m\u00e9s petits podran gaudir de nou, despr\u00e9s de l&#8217;aturada per la pand\u00e8mia, de l&#8217;encesa de la <strong>Foguera Infantil, aix\u00ed com d&#8217;una xocolatada.<\/strong><\/p>\n<p>A continuaci\u00f3, tindr\u00e0 lloc la <strong>Solemne Process\u00f3 en honor a Sant Antoni Abat<\/strong>, que donar\u00e0 pas a la benedicci\u00f3 i a l&#8217;encesa monumental de la Foguera, un moment emocionant i espectacular acompanyat pel volteig de campanes i els focs artificials de <span class=\"hiddenSpellError\">Ricardo<\/span> <span class=\"hiddenSpellError\">Caballer<\/span>. Per a concloure la jornada, hi haur\u00e0 ball i animaci\u00f3 musical a c\u00e0rrec de Sori\u00e0 Esdeveniments i repartiment de <span class=\"hiddenSpellError\">rollets<\/span> d&#8217;an\u00eds i mistela.<\/p>\n<p>El mat\u00ed del dia 22 comen\u00e7ar\u00e0 amb la &#8216;Baixada de rotllos&#8217; des de la Casa de la Senyoria fins a l&#8217;Esgl\u00e9sia, que comptar\u00e0 amb la col\u00b7laboraci\u00f3 de la Banda de l&#8217;<strong>Agrupaci\u00f3 Musical &#8216;La Melodia<\/strong>&#8216;, i continuar\u00e0 amb la Solemne Missa en honor a sant Antoni Abat i la benedicci\u00f3 dels rotllos. Finalment, es dur\u00e0 a terme un dels actes m\u00e9s entranyables de les festes amb la benedicci\u00f3 dels animals i el repartiment dels rotllos d&#8217;an\u00eds amb l&#8217;acompanyament musical de la Banda de &#8216;La Melodia&#8217;.<\/p>\n<p>A m\u00e9s, com cada any, durant els dies seg\u00fcents la Foguera es mantindr\u00e0 encesa perqu\u00e8 ve\u00efns i visitants puguin acostar-se a ella i celebrar les t\u00edpiques reunions i sopars aprofitant les brases.<\/p>\n<\/div>\n<\/div>\n<div> <\/div>\n<\/div>\n<\/div>\n\t\t\t\t\t\t\t\t<\/div>\n\t\t\t\t<\/div>\n\t\t\t\t\t<\/div>\n\t\t<\/div>\n\t\t\t\t\t<\/div>\n\t\t<\/section>\n\t\t\t\t<section class=\"elementor-section elementor-top-section elementor-element elementor-element-78e4465 elementor-section-boxed elementor-section-height-default elementor-section-height-default\" data-id=\"78e4465\" data-element_type=\"section\" data-e-type=\"section\">\n\t\t\t\t\t\t<div class=\"elementor-container elementor-column-gap-default\">\n\t\t\t\t\t<div class=\"elementor-column elementor-col-100 elementor-top-column elementor-element elementor-element-69da4b6\" data-id=\"69da4b6\" data-element_type=\"column\" data-e-type=\"column\">\n\t\t\t<div class=\"elementor-widget-wrap elementor-element-populated\">\n\t\t\t\t\t\t<div class=\"elementor-element elementor-element-2bd3ae7 elementor-widget elementor-widget-image\" data-id=\"2bd3ae7\" data-element_type=\"widget\" data-e-type=\"widget\" data-widget_type=\"image.default\">\n\t\t\t\t<div class=\"elementor-widget-container\">\n\t\t\t\t\t\t\t\t\t\t\t\t\t\t\t<img fetchpriority=\"high\" decoding=\"async\" width=\"724\" height=\"1024\" src=\"https:\/\/turisme.olocau.es\/wp-content\/uploads\/2023\/01\/Cartell-Foguera-2023-724x1024.jpg\" class=\"attachment-large size-large wp-image-4198\" alt=\"\" srcset=\"https:\/\/turisme.olocau.es\/wp-content\/uploads\/2023\/01\/Cartell-Foguera-2023-724x1024.jpg 724w, https:\/\/turisme.olocau.es\/wp-content\/uploads\/2023\/01\/Cartell-Foguera-2023-212x300.jpg 212w, https:\/\/turisme.olocau.es\/wp-content\/uploads\/2023\/01\/Cartell-Foguera-2023-768x1086.jpg 768w, https:\/\/turisme.olocau.es\/wp-content\/uploads\/2023\/01\/Cartell-Foguera-2023-1086x1536.jpg 1086w, https:\/\/turisme.olocau.es\/wp-content\/uploads\/2023\/01\/Cartell-Foguera-2023-1448x2048.jpg 1448w, https:\/\/turisme.olocau.es\/wp-content\/uploads\/2023\/01\/Cartell-Foguera-2023.jpg 1754w\" sizes=\"(max-width: 724px) 100vw, 724px\" \/>\t\t\t\t\t\t\t\t\t\t\t\t\t\t\t<\/div>\n\t\t\t\t<\/div>\n\t\t\t\t\t<\/div>\n\t\t<\/div>\n\t\t\t\t\t<\/div>\n\t\t<\/section>\n\t\t\t\t<\/div>\n\t\t","protected":false},"excerpt":{"rendered":"<p>DATA DE L&#8217;EVENT: 20, 21 i 22 de gener. Festes de Sant Antoni Les Festes en honor a Sant Antoni Abat portaran a Olocau durant els dies 20, 21 i 22 de gener tota la tradici\u00f3 i l&#8217;emoci\u00f3 que caracteritzen a aquesta celebraci\u00f3 tan arrelada en el municipi. Hist\u00f2ricament lligada al solstici d&#8217;hivern i declarada [&hellip;]<\/p>\n","protected":false},"author":1,"featured_media":4217,"comment_status":"open","ping_status":"open","sticky":false,"template":"","format":"standard","meta":{"om_disable_all_campaigns":false,"_monsterinsights_skip_tracking":false,"_monsterinsights_sitenote_active":false,"_monsterinsights_sitenote_note":"","_monsterinsights_sitenote_category":0,"_uf_show_specific_survey":0,"_uf_disable_surveys":false,"footnotes":""},"class_list":["post-4225","post","type-post","status-publish","format-standard","has-post-thumbnail","hentry","category-eventos-en"],"yoast_head":"<!-- This site is optimized with the Yoast SEO plugin v27.4 - https:\/\/yoast.com\/product\/yoast-seo-wordpress\/ -->\n<title>Festes de Sant Antoni - Turismo Olocau<\/title>\n<meta name=\"robots\" content=\"index, follow, max-snippet:-1, max-image-preview:large, max-video-preview:-1\" \/>\n<link rel=\"canonical\" href=\"https:\/\/turisme.olocau.es\/en\/festes-de-sant-antoni\/\" \/>\n<meta property=\"og:locale\" content=\"en_US\" \/>\n<meta property=\"og:type\" content=\"article\" \/>\n<meta property=\"og:title\" content=\"Festes de Sant Antoni - Turismo Olocau\" \/>\n<meta property=\"og:description\" content=\"DATA DE L&#8217;EVENT: 20, 21 i 22 de gener. Festes de Sant Antoni Les Festes en honor a Sant Antoni Abat portaran a Olocau durant els dies 20, 21 i 22 de gener tota la tradici\u00f3 i l&#8217;emoci\u00f3 que caracteritzen a aquesta celebraci\u00f3 tan arrelada en el municipi. Hist\u00f2ricament lligada al solstici d&#8217;hivern i declarada [&hellip;]\" \/>\n<meta property=\"og:url\" content=\"https:\/\/turisme.olocau.es\/en\/festes-de-sant-antoni\/\" \/>\n<meta property=\"og:site_name\" content=\"Turismo Olocau\" \/>\n<meta property=\"article:publisher\" content=\"https:\/\/www.facebook.com\/Turisme-Olocau-110345021644060\" \/>\n<meta property=\"article:published_time\" content=\"2023-01-21T12:54:39+00:00\" \/>\n<meta property=\"article:modified_time\" content=\"2023-01-21T13:01:43+00:00\" \/>\n<meta property=\"og:image\" content=\"https:\/\/turisme.olocau.es\/wp-content\/uploads\/2023\/01\/82244349_2887257384657882_3969906467183525888_n.jpg\" \/>\n\t<meta property=\"og:image:width\" content=\"1763\" \/>\n\t<meta property=\"og:image:height\" content=\"1177\" \/>\n\t<meta property=\"og:image:type\" content=\"image\/jpeg\" \/>\n<meta name=\"author\" content=\"Olocau_2022_Turismo\" \/>\n<meta name=\"twitter:card\" content=\"summary_large_image\" \/>\n<meta name=\"twitter:creator\" content=\"@turismeolocau\" \/>\n<meta name=\"twitter:site\" content=\"@turismeolocau\" \/>\n<meta name=\"twitter:label1\" content=\"Written by\" \/>\n\t<meta name=\"twitter:data1\" content=\"Olocau_2022_Turismo\" \/>\n\t<meta name=\"twitter:label2\" content=\"Est. reading time\" \/>\n\t<meta name=\"twitter:data2\" content=\"2 minutes\" \/>\n<script type=\"application\/ld+json\" class=\"yoast-schema-graph\">{\"@context\":\"https:\\\/\\\/schema.org\",\"@graph\":[{\"@type\":\"Article\",\"@id\":\"https:\\\/\\\/turisme.olocau.es\\\/en\\\/festes-de-sant-antoni\\\/#article\",\"isPartOf\":{\"@id\":\"https:\\\/\\\/turisme.olocau.es\\\/en\\\/festes-de-sant-antoni\\\/\"},\"author\":{\"name\":\"Olocau_2022_Turismo\",\"@id\":\"https:\\\/\\\/turisme.olocau.es\\\/en\\\/#\\\/schema\\\/person\\\/74aa3a5d6ca1824859c039181fa5a695\"},\"headline\":\"Festes de Sant Antoni\",\"datePublished\":\"2023-01-21T12:54:39+00:00\",\"dateModified\":\"2023-01-21T13:01:43+00:00\",\"mainEntityOfPage\":{\"@id\":\"https:\\\/\\\/turisme.olocau.es\\\/en\\\/festes-de-sant-antoni\\\/\"},\"wordCount\":437,\"commentCount\":0,\"publisher\":{\"@id\":\"https:\\\/\\\/turisme.olocau.es\\\/en\\\/#organization\"},\"image\":{\"@id\":\"https:\\\/\\\/turisme.olocau.es\\\/en\\\/festes-de-sant-antoni\\\/#primaryimage\"},\"thumbnailUrl\":\"https:\\\/\\\/turisme.olocau.es\\\/wp-content\\\/uploads\\\/2023\\\/01\\\/82244349_2887257384657882_3969906467183525888_n.jpg\",\"articleSection\":[\"Eventos\"],\"inLanguage\":\"en-US\",\"potentialAction\":[{\"@type\":\"CommentAction\",\"name\":\"Comment\",\"target\":[\"https:\\\/\\\/turisme.olocau.es\\\/en\\\/festes-de-sant-antoni\\\/#respond\"]}]},{\"@type\":\"WebPage\",\"@id\":\"https:\\\/\\\/turisme.olocau.es\\\/en\\\/festes-de-sant-antoni\\\/\",\"url\":\"https:\\\/\\\/turisme.olocau.es\\\/en\\\/festes-de-sant-antoni\\\/\",\"name\":\"Festes de Sant Antoni - Turismo Olocau\",\"isPartOf\":{\"@id\":\"https:\\\/\\\/turisme.olocau.es\\\/en\\\/#website\"},\"primaryImageOfPage\":{\"@id\":\"https:\\\/\\\/turisme.olocau.es\\\/en\\\/festes-de-sant-antoni\\\/#primaryimage\"},\"image\":{\"@id\":\"https:\\\/\\\/turisme.olocau.es\\\/en\\\/festes-de-sant-antoni\\\/#primaryimage\"},\"thumbnailUrl\":\"https:\\\/\\\/turisme.olocau.es\\\/wp-content\\\/uploads\\\/2023\\\/01\\\/82244349_2887257384657882_3969906467183525888_n.jpg\",\"datePublished\":\"2023-01-21T12:54:39+00:00\",\"dateModified\":\"2023-01-21T13:01:43+00:00\",\"breadcrumb\":{\"@id\":\"https:\\\/\\\/turisme.olocau.es\\\/en\\\/festes-de-sant-antoni\\\/#breadcrumb\"},\"inLanguage\":\"en-US\",\"potentialAction\":[{\"@type\":\"ReadAction\",\"target\":[\"https:\\\/\\\/turisme.olocau.es\\\/en\\\/festes-de-sant-antoni\\\/\"]}]},{\"@type\":\"ImageObject\",\"inLanguage\":\"en-US\",\"@id\":\"https:\\\/\\\/turisme.olocau.es\\\/en\\\/festes-de-sant-antoni\\\/#primaryimage\",\"url\":\"https:\\\/\\\/turisme.olocau.es\\\/wp-content\\\/uploads\\\/2023\\\/01\\\/82244349_2887257384657882_3969906467183525888_n.jpg\",\"contentUrl\":\"https:\\\/\\\/turisme.olocau.es\\\/wp-content\\\/uploads\\\/2023\\\/01\\\/82244349_2887257384657882_3969906467183525888_n.jpg\",\"width\":1763,\"height\":1177},{\"@type\":\"BreadcrumbList\",\"@id\":\"https:\\\/\\\/turisme.olocau.es\\\/en\\\/festes-de-sant-antoni\\\/#breadcrumb\",\"itemListElement\":[{\"@type\":\"ListItem\",\"position\":1,\"name\":\"Portada\",\"item\":\"https:\\\/\\\/turisme.olocau.es\\\/en\\\/\"},{\"@type\":\"ListItem\",\"position\":2,\"name\":\"Festes de Sant Antoni\"}]},{\"@type\":\"WebSite\",\"@id\":\"https:\\\/\\\/turisme.olocau.es\\\/en\\\/#website\",\"url\":\"https:\\\/\\\/turisme.olocau.es\\\/en\\\/\",\"name\":\"Turismo Olocau\",\"description\":\"Visita Olocau\",\"publisher\":{\"@id\":\"https:\\\/\\\/turisme.olocau.es\\\/en\\\/#organization\"},\"potentialAction\":[{\"@type\":\"SearchAction\",\"target\":{\"@type\":\"EntryPoint\",\"urlTemplate\":\"https:\\\/\\\/turisme.olocau.es\\\/en\\\/?s={search_term_string}\"},\"query-input\":{\"@type\":\"PropertyValueSpecification\",\"valueRequired\":true,\"valueName\":\"search_term_string\"}}],\"inLanguage\":\"en-US\"},{\"@type\":\"Organization\",\"@id\":\"https:\\\/\\\/turisme.olocau.es\\\/en\\\/#organization\",\"name\":\"Turismo Olocau\",\"url\":\"https:\\\/\\\/turisme.olocau.es\\\/en\\\/\",\"logo\":{\"@type\":\"ImageObject\",\"inLanguage\":\"en-US\",\"@id\":\"https:\\\/\\\/turisme.olocau.es\\\/en\\\/#\\\/schema\\\/logo\\\/image\\\/\",\"url\":\"https:\\\/\\\/turisme.olocau.es\\\/wp-content\\\/uploads\\\/2022\\\/07\\\/Logo-Olocau-turismo_color.png\",\"contentUrl\":\"https:\\\/\\\/turisme.olocau.es\\\/wp-content\\\/uploads\\\/2022\\\/07\\\/Logo-Olocau-turismo_color.png\",\"width\":300,\"height\":123,\"caption\":\"Turismo Olocau\"},\"image\":{\"@id\":\"https:\\\/\\\/turisme.olocau.es\\\/en\\\/#\\\/schema\\\/logo\\\/image\\\/\"},\"sameAs\":[\"https:\\\/\\\/www.facebook.com\\\/Turisme-Olocau-110345021644060\",\"https:\\\/\\\/x.com\\\/turismeolocau\",\"https:\\\/\\\/www.instagram.com\\\/turismeolocau\\\/\"]},{\"@type\":\"Person\",\"@id\":\"https:\\\/\\\/turisme.olocau.es\\\/en\\\/#\\\/schema\\\/person\\\/74aa3a5d6ca1824859c039181fa5a695\",\"name\":\"Olocau_2022_Turismo\",\"image\":{\"@type\":\"ImageObject\",\"inLanguage\":\"en-US\",\"@id\":\"https:\\\/\\\/secure.gravatar.com\\\/avatar\\\/d347f8803fcc2fc2f934c5cb1be1b80e1aa6577ea701698b346d5a14450e0e5a?s=96&d=mm&r=g\",\"url\":\"https:\\\/\\\/secure.gravatar.com\\\/avatar\\\/d347f8803fcc2fc2f934c5cb1be1b80e1aa6577ea701698b346d5a14450e0e5a?s=96&d=mm&r=g\",\"contentUrl\":\"https:\\\/\\\/secure.gravatar.com\\\/avatar\\\/d347f8803fcc2fc2f934c5cb1be1b80e1aa6577ea701698b346d5a14450e0e5a?s=96&d=mm&r=g\",\"caption\":\"Olocau_2022_Turismo\"},\"sameAs\":[\"https:\\\/\\\/turisme.olocau.es\"],\"url\":\"https:\\\/\\\/turisme.olocau.es\\\/en\\\/author\\\/olocau_2022_turismo\\\/\"}]}<\/script>\n<!-- \/ Yoast SEO plugin. -->","yoast_head_json":{"title":"Festes de Sant Antoni - Turismo Olocau","robots":{"index":"index","follow":"follow","max-snippet":"max-snippet:-1","max-image-preview":"max-image-preview:large","max-video-preview":"max-video-preview:-1"},"canonical":"https:\/\/turisme.olocau.es\/en\/festes-de-sant-antoni\/","og_locale":"en_US","og_type":"article","og_title":"Festes de Sant Antoni - Turismo Olocau","og_description":"DATA DE L&#8217;EVENT: 20, 21 i 22 de gener. Festes de Sant Antoni Les Festes en honor a Sant Antoni Abat portaran a Olocau durant els dies 20, 21 i 22 de gener tota la tradici\u00f3 i l&#8217;emoci\u00f3 que caracteritzen a aquesta celebraci\u00f3 tan arrelada en el municipi. Hist\u00f2ricament lligada al solstici d&#8217;hivern i declarada [&hellip;]","og_url":"https:\/\/turisme.olocau.es\/en\/festes-de-sant-antoni\/","og_site_name":"Turismo Olocau","article_publisher":"https:\/\/www.facebook.com\/Turisme-Olocau-110345021644060","article_published_time":"2023-01-21T12:54:39+00:00","article_modified_time":"2023-01-21T13:01:43+00:00","og_image":[{"width":1763,"height":1177,"url":"https:\/\/turisme.olocau.es\/wp-content\/uploads\/2023\/01\/82244349_2887257384657882_3969906467183525888_n.jpg","type":"image\/jpeg"}],"author":"Olocau_2022_Turismo","twitter_card":"summary_large_image","twitter_creator":"@turismeolocau","twitter_site":"@turismeolocau","twitter_misc":{"Written by":"Olocau_2022_Turismo","Est. reading time":"2 minutes"},"schema":{"@context":"https:\/\/schema.org","@graph":[{"@type":"Article","@id":"https:\/\/turisme.olocau.es\/en\/festes-de-sant-antoni\/#article","isPartOf":{"@id":"https:\/\/turisme.olocau.es\/en\/festes-de-sant-antoni\/"},"author":{"name":"Olocau_2022_Turismo","@id":"https:\/\/turisme.olocau.es\/en\/#\/schema\/person\/74aa3a5d6ca1824859c039181fa5a695"},"headline":"Festes de Sant Antoni","datePublished":"2023-01-21T12:54:39+00:00","dateModified":"2023-01-21T13:01:43+00:00","mainEntityOfPage":{"@id":"https:\/\/turisme.olocau.es\/en\/festes-de-sant-antoni\/"},"wordCount":437,"commentCount":0,"publisher":{"@id":"https:\/\/turisme.olocau.es\/en\/#organization"},"image":{"@id":"https:\/\/turisme.olocau.es\/en\/festes-de-sant-antoni\/#primaryimage"},"thumbnailUrl":"https:\/\/turisme.olocau.es\/wp-content\/uploads\/2023\/01\/82244349_2887257384657882_3969906467183525888_n.jpg","articleSection":["Eventos"],"inLanguage":"en-US","potentialAction":[{"@type":"CommentAction","name":"Comment","target":["https:\/\/turisme.olocau.es\/en\/festes-de-sant-antoni\/#respond"]}]},{"@type":"WebPage","@id":"https:\/\/turisme.olocau.es\/en\/festes-de-sant-antoni\/","url":"https:\/\/turisme.olocau.es\/en\/festes-de-sant-antoni\/","name":"Festes de Sant Antoni - Turismo Olocau","isPartOf":{"@id":"https:\/\/turisme.olocau.es\/en\/#website"},"primaryImageOfPage":{"@id":"https:\/\/turisme.olocau.es\/en\/festes-de-sant-antoni\/#primaryimage"},"image":{"@id":"https:\/\/turisme.olocau.es\/en\/festes-de-sant-antoni\/#primaryimage"},"thumbnailUrl":"https:\/\/turisme.olocau.es\/wp-content\/uploads\/2023\/01\/82244349_2887257384657882_3969906467183525888_n.jpg","datePublished":"2023-01-21T12:54:39+00:00","dateModified":"2023-01-21T13:01:43+00:00","breadcrumb":{"@id":"https:\/\/turisme.olocau.es\/en\/festes-de-sant-antoni\/#breadcrumb"},"inLanguage":"en-US","potentialAction":[{"@type":"ReadAction","target":["https:\/\/turisme.olocau.es\/en\/festes-de-sant-antoni\/"]}]},{"@type":"ImageObject","inLanguage":"en-US","@id":"https:\/\/turisme.olocau.es\/en\/festes-de-sant-antoni\/#primaryimage","url":"https:\/\/turisme.olocau.es\/wp-content\/uploads\/2023\/01\/82244349_2887257384657882_3969906467183525888_n.jpg","contentUrl":"https:\/\/turisme.olocau.es\/wp-content\/uploads\/2023\/01\/82244349_2887257384657882_3969906467183525888_n.jpg","width":1763,"height":1177},{"@type":"BreadcrumbList","@id":"https:\/\/turisme.olocau.es\/en\/festes-de-sant-antoni\/#breadcrumb","itemListElement":[{"@type":"ListItem","position":1,"name":"Portada","item":"https:\/\/turisme.olocau.es\/en\/"},{"@type":"ListItem","position":2,"name":"Festes de Sant Antoni"}]},{"@type":"WebSite","@id":"https:\/\/turisme.olocau.es\/en\/#website","url":"https:\/\/turisme.olocau.es\/en\/","name":"Turismo Olocau","description":"Visita Olocau","publisher":{"@id":"https:\/\/turisme.olocau.es\/en\/#organization"},"potentialAction":[{"@type":"SearchAction","target":{"@type":"EntryPoint","urlTemplate":"https:\/\/turisme.olocau.es\/en\/?s={search_term_string}"},"query-input":{"@type":"PropertyValueSpecification","valueRequired":true,"valueName":"search_term_string"}}],"inLanguage":"en-US"},{"@type":"Organization","@id":"https:\/\/turisme.olocau.es\/en\/#organization","name":"Turismo Olocau","url":"https:\/\/turisme.olocau.es\/en\/","logo":{"@type":"ImageObject","inLanguage":"en-US","@id":"https:\/\/turisme.olocau.es\/en\/#\/schema\/logo\/image\/","url":"https:\/\/turisme.olocau.es\/wp-content\/uploads\/2022\/07\/Logo-Olocau-turismo_color.png","contentUrl":"https:\/\/turisme.olocau.es\/wp-content\/uploads\/2022\/07\/Logo-Olocau-turismo_color.png","width":300,"height":123,"caption":"Turismo Olocau"},"image":{"@id":"https:\/\/turisme.olocau.es\/en\/#\/schema\/logo\/image\/"},"sameAs":["https:\/\/www.facebook.com\/Turisme-Olocau-110345021644060","https:\/\/x.com\/turismeolocau","https:\/\/www.instagram.com\/turismeolocau\/"]},{"@type":"Person","@id":"https:\/\/turisme.olocau.es\/en\/#\/schema\/person\/74aa3a5d6ca1824859c039181fa5a695","name":"Olocau_2022_Turismo","image":{"@type":"ImageObject","inLanguage":"en-US","@id":"https:\/\/secure.gravatar.com\/avatar\/d347f8803fcc2fc2f934c5cb1be1b80e1aa6577ea701698b346d5a14450e0e5a?s=96&d=mm&r=g","url":"https:\/\/secure.gravatar.com\/avatar\/d347f8803fcc2fc2f934c5cb1be1b80e1aa6577ea701698b346d5a14450e0e5a?s=96&d=mm&r=g","contentUrl":"https:\/\/secure.gravatar.com\/avatar\/d347f8803fcc2fc2f934c5cb1be1b80e1aa6577ea701698b346d5a14450e0e5a?s=96&d=mm&r=g","caption":"Olocau_2022_Turismo"},"sameAs":["https:\/\/turisme.olocau.es"],"url":"https:\/\/turisme.olocau.es\/en\/author\/olocau_2022_turismo\/"}]}},"_wpml_word_count":"","_edit_lock":"","_thumbnail_id":"4217","_elementor_edit_mode":"builder","_elementor_template_type":"wp-post","_elementor_version":"3.8.1","_elementor_pro_version":"","_wp_page_template":"default","_elementor_data":"[{\"id\":\"0a60155\",\"elType\":\"section\",\"settings\":[],\"elements\":[{\"id\":\"badb391\",\"elType\":\"column\",\"settings\":{\"_column_size\":100,\"_inline_size\":null},\"elements\":[{\"id\":\"c913f6c\",\"elType\":\"section\",\"settings\":{\"structure\":\"20\",\"margin\":{\"unit\":\"px\",\"top\":\"0\",\"right\":0,\"bottom\":\"10\",\"left\":0,\"isLinked\":false}},\"elements\":[{\"id\":\"37ae37f\",\"elType\":\"column\",\"settings\":{\"_column_size\":50,\"_inline_size\":16.865,\"padding\":{\"unit\":\"px\",\"top\":\"0\",\"right\":\"0\",\"bottom\":\"0\",\"left\":\"0\",\"isLinked\":true}},\"elements\":[{\"id\":\"fa37756\",\"elType\":\"widget\",\"settings\":{\"editor\":\"<p>DATA DE L'EVENT:<\\\/p>\\n\",\"typography_typography\":\"custom\",\"typography_font_family\":\"Montserrat\",\"typography_font_size\":{\"unit\":\"px\",\"size\":15,\"sizes\":[]},\"typography_font_weight\":\"600\"},\"elements\":[],\"widgetType\":\"text-editor\"}],\"isInner\":true},{\"id\":\"b9fe006\",\"elType\":\"column\",\"settings\":{\"_column_size\":50,\"_inline_size\":83.135,\"padding\":{\"unit\":\"px\",\"top\":\"0\",\"right\":\"0\",\"bottom\":\"0\",\"left\":\"0\",\"isLinked\":true}},\"elements\":[{\"id\":\"1593650\",\"elType\":\"widget\",\"settings\":{\"editor\":\"<p>20, 21 i 22 de gener.<\\\/p>\\n\",\"typography_typography\":\"custom\",\"typography_font_family\":\"Montserrat\",\"typography_font_size\":{\"unit\":\"px\",\"size\":15,\"sizes\":[]},\"typography_font_weight\":\"600\",\"__globals__\":{\"text_color\":\"globals\\\/colors?id=primary\"}},\"elements\":[],\"widgetType\":\"text-editor\"}],\"isInner\":true}],\"isInner\":true},{\"id\":\"83a7e54\",\"elType\":\"widget\",\"settings\":{\"editor\":\"<div>\\n<h3 dir=\\\"auto\\\"><strong>Festes de Sant Antoni<\\\/strong><\\\/h3>\\n<\\\/div>\\n<div>\\n<div dir=\\\"auto\\\">\\n<div>\\n<div dir=\\\"auto\\\">\\n<p>Les Festes en honor a Sant Antoni Abat portaran a Olocau durant els dies 20, 21 i 22 de gener tota la tradici\\u00f3 i l'emoci\\u00f3 que caracteritzen a aquesta celebraci\\u00f3 tan arrelada en el municipi.<\\\/p>\\n<p>Hist\\u00f2ricament lligada al solstici d'hivern i <strong>declarada Festa d'Inter\\u00e8s Tur\\u00edstic Local de la Comunitat Valenciana <\\\/strong>en 2019, es tracta d'una de les cites m\\u00e9s importants de l'any per a ve\\u00efns, ve\\u00efnes i visitants.<\\\/p>\\n<p>En aquesta ocasi\\u00f3, i a causa de l'eliminaci\\u00f3 de les restriccions per la pand\\u00e8mia de COVID-19, el programa d'activitats recupera tota la seva ess\\u00e8ncia i compta amb esdeveniments que, seguint la tradici\\u00f3, tindran un marcat car\\u00e0cter popular. Uns esdeveniments que comen\\u00e7aran, com cada any, amb la finalitzaci\\u00f3 del muntatge de la Foguera en la Pla\\u00e7a Major i el volteig de campanes del divendres.<\\\/p>\\n<p>El dissabte 21, tornar\\u00e0 el <strong>concurs de dibuix infantil de la Foguera<\\\/strong> i es recuperar\\u00e0 un acte tan volgut per tots com el<strong> Menjar de Germanor d'arr\\u00f2s amb fesols i naps<\\\/strong> (els tiquets es poden adquirir a l'Ajuntament des del dia 12 i fins al dijous 19). A la tarda, els m\\u00e9s petits podran gaudir de nou, despr\\u00e9s de l'aturada per la pand\\u00e8mia, de l'encesa de la <strong>Foguera Infantil, aix\\u00ed com d'una xocolatada.<\\\/strong><\\\/p>\\n<p>A continuaci\\u00f3, tindr\\u00e0 lloc la <strong>Solemne Process\\u00f3 en honor a Sant Antoni Abat<\\\/strong>, que donar\\u00e0 pas a la benedicci\\u00f3 i a l'encesa monumental de la Foguera, un moment emocionant i espectacular acompanyat pel volteig de campanes i els focs artificials de <span class=\\\"hiddenSpellError\\\">Ricardo<\\\/span> <span class=\\\"hiddenSpellError\\\">Caballer<\\\/span>. Per a concloure la jornada, hi haur\\u00e0 ball i animaci\\u00f3 musical a c\\u00e0rrec de Sori\\u00e0 Esdeveniments i repartiment de <span class=\\\"hiddenSpellError\\\">rollets<\\\/span> d'an\\u00eds i mistela.<\\\/p>\\n<p>El mat\\u00ed del dia 22 comen\\u00e7ar\\u00e0 amb la 'Baixada de rotllos' des de la Casa de la Senyoria fins a l'Esgl\\u00e9sia, que comptar\\u00e0 amb la col\\u00b7laboraci\\u00f3 de la Banda de l'<strong>Agrupaci\\u00f3 Musical 'La Melodia<\\\/strong>', i continuar\\u00e0 amb la Solemne Missa en honor a sant Antoni Abat i la benedicci\\u00f3 dels rotllos. Finalment, es dur\\u00e0 a terme un dels actes m\\u00e9s entranyables de les festes amb la benedicci\\u00f3 dels animals i el repartiment dels rotllos d'an\\u00eds amb l'acompanyament musical de la Banda de 'La Melodia'.<\\\/p>\\n<p>A m\\u00e9s, com cada any, durant els dies seg\\u00fcents la Foguera es mantindr\\u00e0 encesa perqu\\u00e8 ve\\u00efns i visitants puguin acostar-se a ella i celebrar les t\\u00edpiques reunions i sopars aprofitant les brases.<\\\/p>\\n<\\\/div>\\n<\\\/div>\\n<div> <\\\/div>\\n<\\\/div>\\n<\\\/div>\\n\"},\"elements\":[],\"widgetType\":\"text-editor\"}],\"isInner\":false}],\"isInner\":false},{\"id\":\"78e4465\",\"elType\":\"section\",\"settings\":[],\"elements\":[{\"id\":\"69da4b6\",\"elType\":\"column\",\"settings\":{\"_column_size\":100,\"_inline_size\":null},\"elements\":[{\"id\":\"2bd3ae7\",\"elType\":\"widget\",\"settings\":{\"image\":{\"url\":\"https:\\\/\\\/turisme.olocau.es\\\/wp-content\\\/uploads\\\/2023\\\/01\\\/Cartell-Foguera-2023.jpg\",\"id\":4197,\"alt\":\"\",\"source\":\"library\"}},\"elements\":[],\"widgetType\":\"image\"}],\"isInner\":false}],\"isInner\":false}]","_elementor_page_assets":{"scripts":["elementor-frontend"],"styles":["widget-image"]},"_elementor_controls_usage":"","_edit_last":"","_yoast_wpseo_content_score":"","_yoast_wpseo_estimated-reading-time-minutes":"","_yoast_wpseo_wordproof_timestamp":"","_wp_old_slug":"","_wpml_media_featured":"","_wpml_media_duplicate":"","_cdp_origin":"","_cdp_origin_site":"","_cdp_origin_title":"","_cdp_counter":"","_links":{"self":[{"href":"https:\/\/turisme.olocau.es\/en\/wp-json\/wp\/v2\/posts\/4225","targetHints":{"allow":["GET"]}}],"collection":[{"href":"https:\/\/turisme.olocau.es\/en\/wp-json\/wp\/v2\/posts"}],"about":[{"href":"https:\/\/turisme.olocau.es\/en\/wp-json\/wp\/v2\/types\/post"}],"author":[{"embeddable":true,"href":"https:\/\/turisme.olocau.es\/en\/wp-json\/wp\/v2\/users\/1"}],"replies":[{"embeddable":true,"href":"https:\/\/turisme.olocau.es\/en\/wp-json\/wp\/v2\/comments?post=4225"}],"version-history":[{"count":3,"href":"https:\/\/turisme.olocau.es\/en\/wp-json\/wp\/v2\/posts\/4225\/revisions"}],"predecessor-version":[{"id":4228,"href":"https:\/\/turisme.olocau.es\/en\/wp-json\/wp\/v2\/posts\/4225\/revisions\/4228"}],"wp:featuredmedia":[{"embeddable":true,"href":"https:\/\/turisme.olocau.es\/en\/wp-json\/wp\/v2\/media\/4217"}],"wp:attachment":[{"href":"https:\/\/turisme.olocau.es\/en\/wp-json\/wp\/v2\/media?parent=4225"}],"curies":[{"name":"wp","href":"https:\/\/api.w.org\/{rel}","templated":true}]}}