{"id":7981,"date":"2024-06-22T09:40:11","date_gmt":"2024-06-22T09:40:11","guid":{"rendered":"https:\/\/turisme.olocau.es\/?p=7981"},"modified":"2024-07-03T08:47:34","modified_gmt":"2024-07-03T08:47:34","slug":"festival-en-viu","status":"publish","type":"post","link":"https:\/\/turisme.olocau.es\/ca\/festival-en-viu\/","title":{"rendered":"Festival En Viu"},"content":{"rendered":"\t\t<div data-elementor-type=\"wp-post\" data-elementor-id=\"7981\" class=\"elementor elementor-7981\" data-elementor-post-type=\"post\">\n\t\t\t\t\t\t<section class=\"elementor-section elementor-top-section elementor-element elementor-element-0a60155 elementor-section-boxed elementor-section-height-default elementor-section-height-default\" data-id=\"0a60155\" data-element_type=\"section\" data-e-type=\"section\">\n\t\t\t\t\t\t<div class=\"elementor-container elementor-column-gap-default\">\n\t\t\t\t\t<div class=\"elementor-column elementor-col-100 elementor-top-column elementor-element elementor-element-badb391\" data-id=\"badb391\" data-element_type=\"column\" data-e-type=\"column\">\n\t\t\t<div class=\"elementor-widget-wrap elementor-element-populated\">\n\t\t\t\t\t\t<section class=\"elementor-section elementor-inner-section elementor-element elementor-element-c913f6c elementor-section-boxed elementor-section-height-default elementor-section-height-default\" data-id=\"c913f6c\" data-element_type=\"section\" data-e-type=\"section\">\n\t\t\t\t\t\t<div class=\"elementor-container elementor-column-gap-default\">\n\t\t\t\t\t<div class=\"elementor-column elementor-col-50 elementor-inner-column elementor-element elementor-element-37ae37f\" data-id=\"37ae37f\" data-element_type=\"column\" data-e-type=\"column\">\n\t\t\t<div class=\"elementor-widget-wrap elementor-element-populated\">\n\t\t\t\t\t\t<div class=\"elementor-element elementor-element-fa37756 elementor-widget elementor-widget-text-editor\" data-id=\"fa37756\" data-element_type=\"widget\" data-e-type=\"widget\" data-widget_type=\"text-editor.default\">\n\t\t\t\t<div class=\"elementor-widget-container\">\n\t\t\t\t\t\t\t\t\t<p>DATA DE L&#8217;ESDEVEMIMENT:<\/p>\t\t\t\t\t\t\t\t<\/div>\n\t\t\t\t<\/div>\n\t\t\t\t\t<\/div>\n\t\t<\/div>\n\t\t\t\t<div class=\"elementor-column elementor-col-50 elementor-inner-column elementor-element elementor-element-b9fe006\" data-id=\"b9fe006\" data-element_type=\"column\" data-e-type=\"column\">\n\t\t\t<div class=\"elementor-widget-wrap elementor-element-populated\">\n\t\t\t\t\t\t<div class=\"elementor-element elementor-element-1593650 elementor-widget elementor-widget-text-editor\" data-id=\"1593650\" data-element_type=\"widget\" data-e-type=\"widget\" data-widget_type=\"text-editor.default\">\n\t\t\t\t<div class=\"elementor-widget-container\">\n\t\t\t\t\t\t\t\t\t<p><span style=\"color: #ff0000;\">Divendres de juliol 23:00 h<\/span><\/p>\t\t\t\t\t\t\t\t<\/div>\n\t\t\t\t<\/div>\n\t\t\t\t\t<\/div>\n\t\t<\/div>\n\t\t\t\t\t<\/div>\n\t\t<\/section>\n\t\t\t\t<div class=\"elementor-element elementor-element-83a7e54 elementor-widget__width-initial elementor-widget elementor-widget-text-editor\" data-id=\"83a7e54\" data-element_type=\"widget\" data-e-type=\"widget\" data-widget_type=\"text-editor.default\">\n\t\t\t\t<div class=\"elementor-widget-container\">\n\t\t\t\t\t\t\t\t\t<div><div><p class=\"x_MsoNormal\">Olocau acull la novena edici\u00f3 del Festival En Viu.\u00a0\u00a0<\/p><\/div><div><p class=\"x_MsoNormal\">Tots els divendres de juliol, a les 23:00 hores.\u00a0\u00a0<\/p><\/div><div><p class=\"x_MsoNormal\">Un any m\u00e9s, Olocau celebrar\u00e0 al llarg del mes de juliol el Festival En Viu, una cita cultural ineludible a l&#8217;estiu i en la qual tenen cabuda diferents g\u00e8neres i ritmes musicals.\u00a0\u00a0<\/p><\/div><div><p class=\"x_MsoNormal\">Esta iniciativa, que compta amb la subvenci\u00f3 i el suport de la Diputaci\u00f3 de Val\u00e8ncia i de l&#8217;Ajuntament d&#8217;Olocau i que organitzen la Regidoria d&#8217;Educaci\u00f3, Cultura i Joventut i l&#8217;associaci\u00f3 Sincronies, celebra la seua novena edici\u00f3 i, com \u00e9s habitual, tindr\u00e0 lloc en diferents punts del municipi tots els divendres del pr\u00f2xim mes, a les 23:00 hores.\u00a0<\/p><\/div><div><p class=\"x_MsoNormal\">El cartell compta amb quatre dates; la primera d&#8217;elles, el dia 5, quan podrem gaudir en la pla\u00e7a Major dels ritmes m\u00e9s frescos amb el grup Do\u00f1a Manteca, un trio de veus format per les cantants Elena Almendros, Paula Almendros i Empar Mora.\u00a0\u00a0<\/p><\/div><div><p class=\"x_MsoNormal\">El divendres 12, la urbanitzaci\u00f3 La Lloma ser\u00e0 l&#8217;escenari de l&#8217;actuaci\u00f3 de Plena 79, una orquestra que ha estat nominada als premis Latin Grammy 2023 en la categoria de Millor \u00c0lbum de Salsa.\u00a0\u00a0<\/p><\/div><div><p class=\"x_MsoNormal\">En la nit del dia 19, el grup Besarabia portar\u00e0 la seua fusi\u00f3 de folk amb ritmes balc\u00e0nics a la urbanitzaci\u00f3 Pedralvilla.\u00a0\u00a0<\/p><\/div><div><p class=\"x_MsoNormal\">I, finalment, en la Pla\u00e7a Major la cantautora i compositora Ana Zome\u00f1o, juntament amb la seua banda, s&#8217;encarregar\u00e0 de tancar el festival el 26 de juliol.\u00a0\u00a0<\/p><\/div><div><p class=\"x_MsoNormal\">En definitiva, un esdeveniment que refrescar\u00e0 les nits d&#8217;estiu amb artistes de la nostra terra i amb bona m\u00fasica en el cor de la Serra Calderona.\u00a0<\/p><\/div><\/div>\t\t\t\t\t\t\t\t<\/div>\n\t\t\t\t<\/div>\n\t\t\t\t\t<\/div>\n\t\t<\/div>\n\t\t\t\t\t<\/div>\n\t\t<\/section>\n\t\t\t\t<section class=\"elementor-section elementor-top-section elementor-element elementor-element-99578d8 elementor-section-boxed elementor-section-height-default elementor-section-height-default\" data-id=\"99578d8\" data-element_type=\"section\" data-e-type=\"section\">\n\t\t\t\t\t\t<div class=\"elementor-container elementor-column-gap-default\">\n\t\t\t\t\t<div class=\"elementor-column elementor-col-100 elementor-top-column elementor-element elementor-element-1981136\" data-id=\"1981136\" data-element_type=\"column\" data-e-type=\"column\">\n\t\t\t<div class=\"elementor-widget-wrap elementor-element-populated\">\n\t\t\t\t\t\t<div class=\"elementor-element elementor-element-ccfe276 elementor-widget elementor-widget-image\" data-id=\"ccfe276\" data-element_type=\"widget\" data-e-type=\"widget\" data-widget_type=\"image.default\">\n\t\t\t\t<div class=\"elementor-widget-container\">\n\t\t\t\t\t\t\t\t\t\t\t\t\t\t\t<img fetchpriority=\"high\" decoding=\"async\" width=\"724\" height=\"1024\" src=\"https:\/\/turisme.olocau.es\/wp-content\/uploads\/2024\/06\/448790438_855447846609464_2102478945867595358_n-724x1024.jpg\" class=\"attachment-large size-large wp-image-7959\" alt=\"\" srcset=\"https:\/\/turisme.olocau.es\/wp-content\/uploads\/2024\/06\/448790438_855447846609464_2102478945867595358_n-724x1024.jpg 724w, https:\/\/turisme.olocau.es\/wp-content\/uploads\/2024\/06\/448790438_855447846609464_2102478945867595358_n-212x300.jpg 212w, https:\/\/turisme.olocau.es\/wp-content\/uploads\/2024\/06\/448790438_855447846609464_2102478945867595358_n-768x1086.jpg 768w, https:\/\/turisme.olocau.es\/wp-content\/uploads\/2024\/06\/448790438_855447846609464_2102478945867595358_n-1086x1536.jpg 1086w, https:\/\/turisme.olocau.es\/wp-content\/uploads\/2024\/06\/448790438_855447846609464_2102478945867595358_n.jpg 1448w\" sizes=\"(max-width: 724px) 100vw, 724px\" \/>\t\t\t\t\t\t\t\t\t\t\t\t\t\t\t<\/div>\n\t\t\t\t<\/div>\n\t\t\t\t\t<\/div>\n\t\t<\/div>\n\t\t\t\t\t<\/div>\n\t\t<\/section>\n\t\t\t\t<\/div>\n\t\t","protected":false},"excerpt":{"rendered":"<p>Festival En Viu, tots els divendres de juliol, a les 23:00 hores  <\/p>\n<p>El dia 5, Pla\u00e7a Major. Do\u00f1a Manteca. <\/p>\n<p>El dia 12, urbanitzaci\u00f3 La Lloma. Plena 79.  <\/p>\n<p>El dia 19, urbanitzaci\u00f3 Pedralvilla. Besarabia <\/p>\n<p>El dia 26, Pla\u00e7a Major. Ana Zome\u00f1o i la seua banda. <\/p>\n","protected":false},"author":1,"featured_media":7959,"comment_status":"open","ping_status":"open","sticky":false,"template":"","format":"standard","meta":{"om_disable_all_campaigns":false,"_monsterinsights_skip_tracking":false,"_monsterinsights_sitenote_active":false,"_monsterinsights_sitenote_note":"","_monsterinsights_sitenote_category":0,"_uf_show_specific_survey":0,"_uf_disable_surveys":false,"footnotes":""},"class_list":["post-7981","post","type-post","status-publish","format-standard","has-post-thumbnail","hentry","category-eventos-ca","tag-festival-en-viu","tag-musica-2","tag-olocau"],"yoast_head":"<!-- This site is optimized with the Yoast SEO plugin v27.4 - https:\/\/yoast.com\/product\/yoast-seo-wordpress\/ -->\n<title>Festival En Viu - Turismo Olocau<\/title>\n<meta name=\"description\" content=\"Festival En Viu Olocau tots els divendres de Juliol en la urbanitzaci\u00f3 de La Lloma, la urbanitzaci\u00f3 Pedralvilla i la Pla\u00e7a Major.\" \/>\n<meta name=\"robots\" content=\"index, follow, max-snippet:-1, max-image-preview:large, max-video-preview:-1\" \/>\n<link rel=\"canonical\" href=\"https:\/\/turisme.olocau.es\/ca\/festival-en-viu\/\" \/>\n<meta property=\"og:locale\" content=\"en_US\" \/>\n<meta property=\"og:type\" content=\"article\" \/>\n<meta property=\"og:title\" content=\"Festival En Viu - Turismo Olocau\" \/>\n<meta property=\"og:description\" content=\"Festival En Viu Olocau tots els divendres de Juliol en la urbanitzaci\u00f3 de La Lloma, la urbanitzaci\u00f3 Pedralvilla i la Pla\u00e7a Major.\" \/>\n<meta property=\"og:url\" content=\"https:\/\/turisme.olocau.es\/ca\/festival-en-viu\/\" \/>\n<meta property=\"og:site_name\" content=\"Turismo Olocau\" \/>\n<meta property=\"article:publisher\" content=\"https:\/\/www.facebook.com\/Turisme-Olocau-110345021644060\" \/>\n<meta property=\"article:published_time\" content=\"2024-06-22T09:40:11+00:00\" \/>\n<meta property=\"article:modified_time\" content=\"2024-07-03T08:47:34+00:00\" \/>\n<meta property=\"og:image\" content=\"https:\/\/turisme.olocau.es\/wp-content\/uploads\/2024\/06\/448790438_855447846609464_2102478945867595358_n.jpg\" \/>\n\t<meta property=\"og:image:width\" content=\"1448\" \/>\n\t<meta property=\"og:image:height\" content=\"2048\" \/>\n\t<meta property=\"og:image:type\" content=\"image\/jpeg\" \/>\n<meta name=\"author\" content=\"Olocau_2022_Turismo\" \/>\n<meta name=\"twitter:card\" content=\"summary_large_image\" \/>\n<meta name=\"twitter:creator\" content=\"@turismeolocau\" \/>\n<meta name=\"twitter:site\" content=\"@turismeolocau\" \/>\n<meta name=\"twitter:label1\" content=\"Written by\" \/>\n\t<meta name=\"twitter:data1\" content=\"Olocau_2022_Turismo\" \/>\n\t<meta name=\"twitter:label2\" content=\"Est. reading time\" \/>\n\t<meta name=\"twitter:data2\" content=\"2 minutes\" \/>\n<script type=\"application\/ld+json\" class=\"yoast-schema-graph\">{\"@context\":\"https:\\\/\\\/schema.org\",\"@graph\":[{\"@type\":\"Article\",\"@id\":\"https:\\\/\\\/turisme.olocau.es\\\/ca\\\/festival-en-viu\\\/#article\",\"isPartOf\":{\"@id\":\"https:\\\/\\\/turisme.olocau.es\\\/ca\\\/festival-en-viu\\\/\"},\"author\":{\"name\":\"Olocau_2022_Turismo\",\"@id\":\"https:\\\/\\\/turisme.olocau.es\\\/ca\\\/#\\\/schema\\\/person\\\/74aa3a5d6ca1824859c039181fa5a695\"},\"headline\":\"Festival En Viu\",\"datePublished\":\"2024-06-22T09:40:11+00:00\",\"dateModified\":\"2024-07-03T08:47:34+00:00\",\"mainEntityOfPage\":{\"@id\":\"https:\\\/\\\/turisme.olocau.es\\\/ca\\\/festival-en-viu\\\/\"},\"wordCount\":281,\"commentCount\":0,\"publisher\":{\"@id\":\"https:\\\/\\\/turisme.olocau.es\\\/ca\\\/#organization\"},\"image\":{\"@id\":\"https:\\\/\\\/turisme.olocau.es\\\/ca\\\/festival-en-viu\\\/#primaryimage\"},\"thumbnailUrl\":\"https:\\\/\\\/turisme.olocau.es\\\/wp-content\\\/uploads\\\/2024\\\/06\\\/448790438_855447846609464_2102478945867595358_n.jpg\",\"keywords\":[\"Festival en viu\",\"m\u00fasica\",\"Olocau\"],\"articleSection\":[\"Eventos\"],\"inLanguage\":\"val\",\"potentialAction\":[{\"@type\":\"CommentAction\",\"name\":\"Comment\",\"target\":[\"https:\\\/\\\/turisme.olocau.es\\\/ca\\\/festival-en-viu\\\/#respond\"]}]},{\"@type\":\"WebPage\",\"@id\":\"https:\\\/\\\/turisme.olocau.es\\\/ca\\\/festival-en-viu\\\/\",\"url\":\"https:\\\/\\\/turisme.olocau.es\\\/ca\\\/festival-en-viu\\\/\",\"name\":\"Festival En Viu - Turismo Olocau\",\"isPartOf\":{\"@id\":\"https:\\\/\\\/turisme.olocau.es\\\/ca\\\/#website\"},\"primaryImageOfPage\":{\"@id\":\"https:\\\/\\\/turisme.olocau.es\\\/ca\\\/festival-en-viu\\\/#primaryimage\"},\"image\":{\"@id\":\"https:\\\/\\\/turisme.olocau.es\\\/ca\\\/festival-en-viu\\\/#primaryimage\"},\"thumbnailUrl\":\"https:\\\/\\\/turisme.olocau.es\\\/wp-content\\\/uploads\\\/2024\\\/06\\\/448790438_855447846609464_2102478945867595358_n.jpg\",\"datePublished\":\"2024-06-22T09:40:11+00:00\",\"dateModified\":\"2024-07-03T08:47:34+00:00\",\"description\":\"Festival En Viu Olocau tots els divendres de Juliol en la urbanitzaci\u00f3 de La Lloma, la urbanitzaci\u00f3 Pedralvilla i la Pla\u00e7a Major.\",\"breadcrumb\":{\"@id\":\"https:\\\/\\\/turisme.olocau.es\\\/ca\\\/festival-en-viu\\\/#breadcrumb\"},\"inLanguage\":\"val\",\"potentialAction\":[{\"@type\":\"ReadAction\",\"target\":[\"https:\\\/\\\/turisme.olocau.es\\\/ca\\\/festival-en-viu\\\/\"]}]},{\"@type\":\"ImageObject\",\"inLanguage\":\"val\",\"@id\":\"https:\\\/\\\/turisme.olocau.es\\\/ca\\\/festival-en-viu\\\/#primaryimage\",\"url\":\"https:\\\/\\\/turisme.olocau.es\\\/wp-content\\\/uploads\\\/2024\\\/06\\\/448790438_855447846609464_2102478945867595358_n.jpg\",\"contentUrl\":\"https:\\\/\\\/turisme.olocau.es\\\/wp-content\\\/uploads\\\/2024\\\/06\\\/448790438_855447846609464_2102478945867595358_n.jpg\",\"width\":1448,\"height\":2048},{\"@type\":\"BreadcrumbList\",\"@id\":\"https:\\\/\\\/turisme.olocau.es\\\/ca\\\/festival-en-viu\\\/#breadcrumb\",\"itemListElement\":[{\"@type\":\"ListItem\",\"position\":1,\"name\":\"Portada\",\"item\":\"https:\\\/\\\/turisme.olocau.es\\\/ca\\\/\"},{\"@type\":\"ListItem\",\"position\":2,\"name\":\"Festival En Viu\"}]},{\"@type\":\"WebSite\",\"@id\":\"https:\\\/\\\/turisme.olocau.es\\\/ca\\\/#website\",\"url\":\"https:\\\/\\\/turisme.olocau.es\\\/ca\\\/\",\"name\":\"Turismo Olocau\",\"description\":\"Visita Olocau\",\"publisher\":{\"@id\":\"https:\\\/\\\/turisme.olocau.es\\\/ca\\\/#organization\"},\"potentialAction\":[{\"@type\":\"SearchAction\",\"target\":{\"@type\":\"EntryPoint\",\"urlTemplate\":\"https:\\\/\\\/turisme.olocau.es\\\/ca\\\/?s={search_term_string}\"},\"query-input\":{\"@type\":\"PropertyValueSpecification\",\"valueRequired\":true,\"valueName\":\"search_term_string\"}}],\"inLanguage\":\"val\"},{\"@type\":\"Organization\",\"@id\":\"https:\\\/\\\/turisme.olocau.es\\\/ca\\\/#organization\",\"name\":\"Turismo Olocau\",\"url\":\"https:\\\/\\\/turisme.olocau.es\\\/ca\\\/\",\"logo\":{\"@type\":\"ImageObject\",\"inLanguage\":\"val\",\"@id\":\"https:\\\/\\\/turisme.olocau.es\\\/ca\\\/#\\\/schema\\\/logo\\\/image\\\/\",\"url\":\"https:\\\/\\\/turisme.olocau.es\\\/wp-content\\\/uploads\\\/2022\\\/07\\\/Logo-Olocau-turismo_color.png\",\"contentUrl\":\"https:\\\/\\\/turisme.olocau.es\\\/wp-content\\\/uploads\\\/2022\\\/07\\\/Logo-Olocau-turismo_color.png\",\"width\":300,\"height\":123,\"caption\":\"Turismo Olocau\"},\"image\":{\"@id\":\"https:\\\/\\\/turisme.olocau.es\\\/ca\\\/#\\\/schema\\\/logo\\\/image\\\/\"},\"sameAs\":[\"https:\\\/\\\/www.facebook.com\\\/Turisme-Olocau-110345021644060\",\"https:\\\/\\\/x.com\\\/turismeolocau\",\"https:\\\/\\\/www.instagram.com\\\/turismeolocau\\\/\"]},{\"@type\":\"Person\",\"@id\":\"https:\\\/\\\/turisme.olocau.es\\\/ca\\\/#\\\/schema\\\/person\\\/74aa3a5d6ca1824859c039181fa5a695\",\"name\":\"Olocau_2022_Turismo\",\"image\":{\"@type\":\"ImageObject\",\"inLanguage\":\"val\",\"@id\":\"https:\\\/\\\/secure.gravatar.com\\\/avatar\\\/d347f8803fcc2fc2f934c5cb1be1b80e1aa6577ea701698b346d5a14450e0e5a?s=96&d=mm&r=g\",\"url\":\"https:\\\/\\\/secure.gravatar.com\\\/avatar\\\/d347f8803fcc2fc2f934c5cb1be1b80e1aa6577ea701698b346d5a14450e0e5a?s=96&d=mm&r=g\",\"contentUrl\":\"https:\\\/\\\/secure.gravatar.com\\\/avatar\\\/d347f8803fcc2fc2f934c5cb1be1b80e1aa6577ea701698b346d5a14450e0e5a?s=96&d=mm&r=g\",\"caption\":\"Olocau_2022_Turismo\"},\"sameAs\":[\"https:\\\/\\\/turisme.olocau.es\"],\"url\":\"https:\\\/\\\/turisme.olocau.es\\\/ca\\\/author\\\/olocau_2022_turismo\\\/\"}]}<\/script>\n<!-- \/ Yoast SEO plugin. -->","yoast_head_json":{"title":"Festival En Viu - Turismo Olocau","description":"Festival En Viu Olocau tots els divendres de Juliol en la urbanitzaci\u00f3 de La Lloma, la urbanitzaci\u00f3 Pedralvilla i la Pla\u00e7a Major.","robots":{"index":"index","follow":"follow","max-snippet":"max-snippet:-1","max-image-preview":"max-image-preview:large","max-video-preview":"max-video-preview:-1"},"canonical":"https:\/\/turisme.olocau.es\/ca\/festival-en-viu\/","og_locale":"en_US","og_type":"article","og_title":"Festival En Viu - Turismo Olocau","og_description":"Festival En Viu Olocau tots els divendres de Juliol en la urbanitzaci\u00f3 de La Lloma, la urbanitzaci\u00f3 Pedralvilla i la Pla\u00e7a Major.","og_url":"https:\/\/turisme.olocau.es\/ca\/festival-en-viu\/","og_site_name":"Turismo Olocau","article_publisher":"https:\/\/www.facebook.com\/Turisme-Olocau-110345021644060","article_published_time":"2024-06-22T09:40:11+00:00","article_modified_time":"2024-07-03T08:47:34+00:00","og_image":[{"width":1448,"height":2048,"url":"https:\/\/turisme.olocau.es\/wp-content\/uploads\/2024\/06\/448790438_855447846609464_2102478945867595358_n.jpg","type":"image\/jpeg"}],"author":"Olocau_2022_Turismo","twitter_card":"summary_large_image","twitter_creator":"@turismeolocau","twitter_site":"@turismeolocau","twitter_misc":{"Written by":"Olocau_2022_Turismo","Est. reading time":"2 minutes"},"schema":{"@context":"https:\/\/schema.org","@graph":[{"@type":"Article","@id":"https:\/\/turisme.olocau.es\/ca\/festival-en-viu\/#article","isPartOf":{"@id":"https:\/\/turisme.olocau.es\/ca\/festival-en-viu\/"},"author":{"name":"Olocau_2022_Turismo","@id":"https:\/\/turisme.olocau.es\/ca\/#\/schema\/person\/74aa3a5d6ca1824859c039181fa5a695"},"headline":"Festival En Viu","datePublished":"2024-06-22T09:40:11+00:00","dateModified":"2024-07-03T08:47:34+00:00","mainEntityOfPage":{"@id":"https:\/\/turisme.olocau.es\/ca\/festival-en-viu\/"},"wordCount":281,"commentCount":0,"publisher":{"@id":"https:\/\/turisme.olocau.es\/ca\/#organization"},"image":{"@id":"https:\/\/turisme.olocau.es\/ca\/festival-en-viu\/#primaryimage"},"thumbnailUrl":"https:\/\/turisme.olocau.es\/wp-content\/uploads\/2024\/06\/448790438_855447846609464_2102478945867595358_n.jpg","keywords":["Festival en viu","m\u00fasica","Olocau"],"articleSection":["Eventos"],"inLanguage":"val","potentialAction":[{"@type":"CommentAction","name":"Comment","target":["https:\/\/turisme.olocau.es\/ca\/festival-en-viu\/#respond"]}]},{"@type":"WebPage","@id":"https:\/\/turisme.olocau.es\/ca\/festival-en-viu\/","url":"https:\/\/turisme.olocau.es\/ca\/festival-en-viu\/","name":"Festival En Viu - Turismo Olocau","isPartOf":{"@id":"https:\/\/turisme.olocau.es\/ca\/#website"},"primaryImageOfPage":{"@id":"https:\/\/turisme.olocau.es\/ca\/festival-en-viu\/#primaryimage"},"image":{"@id":"https:\/\/turisme.olocau.es\/ca\/festival-en-viu\/#primaryimage"},"thumbnailUrl":"https:\/\/turisme.olocau.es\/wp-content\/uploads\/2024\/06\/448790438_855447846609464_2102478945867595358_n.jpg","datePublished":"2024-06-22T09:40:11+00:00","dateModified":"2024-07-03T08:47:34+00:00","description":"Festival En Viu Olocau tots els divendres de Juliol en la urbanitzaci\u00f3 de La Lloma, la urbanitzaci\u00f3 Pedralvilla i la Pla\u00e7a Major.","breadcrumb":{"@id":"https:\/\/turisme.olocau.es\/ca\/festival-en-viu\/#breadcrumb"},"inLanguage":"val","potentialAction":[{"@type":"ReadAction","target":["https:\/\/turisme.olocau.es\/ca\/festival-en-viu\/"]}]},{"@type":"ImageObject","inLanguage":"val","@id":"https:\/\/turisme.olocau.es\/ca\/festival-en-viu\/#primaryimage","url":"https:\/\/turisme.olocau.es\/wp-content\/uploads\/2024\/06\/448790438_855447846609464_2102478945867595358_n.jpg","contentUrl":"https:\/\/turisme.olocau.es\/wp-content\/uploads\/2024\/06\/448790438_855447846609464_2102478945867595358_n.jpg","width":1448,"height":2048},{"@type":"BreadcrumbList","@id":"https:\/\/turisme.olocau.es\/ca\/festival-en-viu\/#breadcrumb","itemListElement":[{"@type":"ListItem","position":1,"name":"Portada","item":"https:\/\/turisme.olocau.es\/ca\/"},{"@type":"ListItem","position":2,"name":"Festival En Viu"}]},{"@type":"WebSite","@id":"https:\/\/turisme.olocau.es\/ca\/#website","url":"https:\/\/turisme.olocau.es\/ca\/","name":"Turismo Olocau","description":"Visita Olocau","publisher":{"@id":"https:\/\/turisme.olocau.es\/ca\/#organization"},"potentialAction":[{"@type":"SearchAction","target":{"@type":"EntryPoint","urlTemplate":"https:\/\/turisme.olocau.es\/ca\/?s={search_term_string}"},"query-input":{"@type":"PropertyValueSpecification","valueRequired":true,"valueName":"search_term_string"}}],"inLanguage":"val"},{"@type":"Organization","@id":"https:\/\/turisme.olocau.es\/ca\/#organization","name":"Turismo Olocau","url":"https:\/\/turisme.olocau.es\/ca\/","logo":{"@type":"ImageObject","inLanguage":"val","@id":"https:\/\/turisme.olocau.es\/ca\/#\/schema\/logo\/image\/","url":"https:\/\/turisme.olocau.es\/wp-content\/uploads\/2022\/07\/Logo-Olocau-turismo_color.png","contentUrl":"https:\/\/turisme.olocau.es\/wp-content\/uploads\/2022\/07\/Logo-Olocau-turismo_color.png","width":300,"height":123,"caption":"Turismo Olocau"},"image":{"@id":"https:\/\/turisme.olocau.es\/ca\/#\/schema\/logo\/image\/"},"sameAs":["https:\/\/www.facebook.com\/Turisme-Olocau-110345021644060","https:\/\/x.com\/turismeolocau","https:\/\/www.instagram.com\/turismeolocau\/"]},{"@type":"Person","@id":"https:\/\/turisme.olocau.es\/ca\/#\/schema\/person\/74aa3a5d6ca1824859c039181fa5a695","name":"Olocau_2022_Turismo","image":{"@type":"ImageObject","inLanguage":"val","@id":"https:\/\/secure.gravatar.com\/avatar\/d347f8803fcc2fc2f934c5cb1be1b80e1aa6577ea701698b346d5a14450e0e5a?s=96&d=mm&r=g","url":"https:\/\/secure.gravatar.com\/avatar\/d347f8803fcc2fc2f934c5cb1be1b80e1aa6577ea701698b346d5a14450e0e5a?s=96&d=mm&r=g","contentUrl":"https:\/\/secure.gravatar.com\/avatar\/d347f8803fcc2fc2f934c5cb1be1b80e1aa6577ea701698b346d5a14450e0e5a?s=96&d=mm&r=g","caption":"Olocau_2022_Turismo"},"sameAs":["https:\/\/turisme.olocau.es"],"url":"https:\/\/turisme.olocau.es\/ca\/author\/olocau_2022_turismo\/"}]}},"_wpml_word_count":"{\"total\":359,\"to_translate\":{\"en\":359,\"es\":359}}","_edit_lock":"1719996455:2","_thumbnail_id":"7959","_elementor_edit_mode":"builder","_elementor_template_type":"wp-post","_elementor_version":"3.17.3","_elementor_pro_version":"3.17.1","_wp_page_template":"default","_elementor_data":"[{\"id\":\"0a60155\",\"elType\":\"section\",\"settings\":[],\"elements\":[{\"id\":\"badb391\",\"elType\":\"column\",\"settings\":{\"_column_size\":100,\"_inline_size\":null},\"elements\":[{\"id\":\"c913f6c\",\"elType\":\"section\",\"settings\":{\"structure\":\"20\",\"margin\":{\"unit\":\"px\",\"top\":\"0\",\"right\":0,\"bottom\":\"10\",\"left\":0,\"isLinked\":false}},\"elements\":[{\"id\":\"37ae37f\",\"elType\":\"column\",\"settings\":{\"_column_size\":50,\"_inline_size\":16.865,\"padding\":{\"unit\":\"px\",\"top\":\"0\",\"right\":\"0\",\"bottom\":\"0\",\"left\":\"0\",\"isLinked\":true}},\"elements\":[{\"id\":\"fa37756\",\"elType\":\"widget\",\"settings\":{\"editor\":\"<p>DATA DE L'ESDEVEMIMENT:<\\\/p>\",\"typography_typography\":\"custom\",\"typography_font_family\":\"Montserrat\",\"typography_font_size\":{\"unit\":\"px\",\"size\":15,\"sizes\":[]},\"typography_font_weight\":\"600\"},\"elements\":[],\"widgetType\":\"text-editor\"}],\"isInner\":true},{\"id\":\"b9fe006\",\"elType\":\"column\",\"settings\":{\"_column_size\":50,\"_inline_size\":83.135,\"padding\":{\"unit\":\"px\",\"top\":\"0\",\"right\":\"0\",\"bottom\":\"0\",\"left\":\"0\",\"isLinked\":true}},\"elements\":[{\"id\":\"1593650\",\"elType\":\"widget\",\"settings\":{\"editor\":\"<p><span style=\\\"color: #ff0000;\\\">Divendres de juliol 23:00 h<\\\/span><\\\/p>\",\"typography_typography\":\"custom\",\"typography_font_family\":\"Montserrat\",\"typography_font_size\":{\"unit\":\"px\",\"size\":15,\"sizes\":[]},\"typography_font_weight\":\"600\",\"__globals__\":{\"text_color\":\"\"},\"text_color\":\"#1F1D1D\"},\"elements\":[],\"widgetType\":\"text-editor\"}],\"isInner\":true}],\"isInner\":true},{\"id\":\"83a7e54\",\"elType\":\"widget\",\"settings\":{\"editor\":\"<div><div><p class=\\\"x_MsoNormal\\\">Olocau acull la novena edici\\u00f3 del Festival En Viu.\\u00a0\\u00a0<\\\/p><\\\/div><div><p class=\\\"x_MsoNormal\\\">Tots els divendres de juliol, a les 23:00 hores.\\u00a0\\u00a0<\\\/p><\\\/div><div><p class=\\\"x_MsoNormal\\\">Un any m\\u00e9s, Olocau celebrar\\u00e0 al llarg del mes de juliol el Festival En Viu, una cita cultural ineludible a l'estiu i en la qual tenen cabuda diferents g\\u00e8neres i ritmes musicals.\\u00a0\\u00a0<\\\/p><\\\/div><div><p class=\\\"x_MsoNormal\\\">Esta iniciativa, que compta amb la subvenci\\u00f3 i el suport de la Diputaci\\u00f3 de Val\\u00e8ncia i de l'Ajuntament d'Olocau i que organitzen la Regidoria d'Educaci\\u00f3, Cultura i Joventut i l'associaci\\u00f3 Sincronies, celebra la seua novena edici\\u00f3 i, com \\u00e9s habitual, tindr\\u00e0 lloc en diferents punts del municipi tots els divendres del pr\\u00f2xim mes, a les 23:00 hores.\\u00a0<\\\/p><\\\/div><div><p class=\\\"x_MsoNormal\\\">El cartell compta amb quatre dates; la primera d'elles, el dia 5, quan podrem gaudir en la pla\\u00e7a Major dels ritmes m\\u00e9s frescos amb el grup Do\\u00f1a Manteca, un trio de veus format per les cantants Elena Almendros, Paula Almendros i Empar Mora.\\u00a0\\u00a0<\\\/p><\\\/div><div><p class=\\\"x_MsoNormal\\\">El divendres 12, la urbanitzaci\\u00f3 La Lloma ser\\u00e0 l'escenari de l'actuaci\\u00f3 de Plena 79, una orquestra que ha estat nominada als premis Latin Grammy 2023 en la categoria de Millor \\u00c0lbum de Salsa.\\u00a0\\u00a0<\\\/p><\\\/div><div><p class=\\\"x_MsoNormal\\\">En la nit del dia 19, el grup Besarabia portar\\u00e0 la seua fusi\\u00f3 de folk amb ritmes balc\\u00e0nics a la urbanitzaci\\u00f3 Pedralvilla.\\u00a0\\u00a0<\\\/p><\\\/div><div><p class=\\\"x_MsoNormal\\\">I, finalment, en la Pla\\u00e7a Major la cantautora i compositora Ana Zome\\u00f1o, juntament amb la seua banda, s'encarregar\\u00e0 de tancar el festival el 26 de juliol.\\u00a0\\u00a0<\\\/p><\\\/div><div><p class=\\\"x_MsoNormal\\\">En definitiva, un esdeveniment que refrescar\\u00e0 les nits d'estiu amb artistes de la nostra terra i amb bona m\\u00fasica en el cor de la Serra Calderona.\\u00a0<\\\/p><\\\/div><\\\/div>\",\"_element_width\":\"initial\",\"_element_custom_width\":{\"unit\":\"%\",\"size\":90.099}},\"elements\":[],\"widgetType\":\"text-editor\"}],\"isInner\":false}],\"isInner\":false},{\"id\":\"99578d8\",\"elType\":\"section\",\"settings\":[],\"elements\":[{\"id\":\"1981136\",\"elType\":\"column\",\"settings\":{\"_column_size\":100,\"_inline_size\":null},\"elements\":[{\"id\":\"ccfe276\",\"elType\":\"widget\",\"settings\":{\"image\":{\"url\":\"https:\\\/\\\/turisme.olocau.es\\\/wp-content\\\/uploads\\\/2024\\\/06\\\/448790438_855447846609464_2102478945867595358_n.jpg\",\"id\":7959,\"alt\":\"\",\"source\":\"library\",\"size\":\"\"}},\"elements\":[],\"widgetType\":\"image\"},{\"id\":\"6ef260d\",\"elType\":\"widget\",\"settings\":{\"image\":{\"url\":\"\",\"id\":\"\",\"alt\":\"Programa oficial Iberfesta olocau 2024\",\"source\":\"library\",\"size\":\"\"}},\"elements\":[],\"widgetType\":\"image\"},{\"id\":\"3305bd5\",\"elType\":\"widget\",\"settings\":{\"image\":{\"url\":\"\",\"id\":\"\",\"alt\":\"\",\"source\":\"library\",\"size\":\"\"}},\"elements\":[],\"widgetType\":\"image\"},{\"id\":\"10dc4fa\",\"elType\":\"widget\",\"settings\":{\"image\":{\"url\":\"\",\"id\":\"\",\"alt\":\"\",\"source\":\"library\",\"size\":\"\"}},\"elements\":[],\"widgetType\":\"image\"},{\"id\":\"df94e04\",\"elType\":\"widget\",\"settings\":{\"image\":{\"url\":\"\",\"id\":\"\",\"alt\":\"\",\"source\":\"library\",\"size\":\"\"}},\"elements\":[],\"widgetType\":\"image\"},{\"id\":\"b987021\",\"elType\":\"widget\",\"settings\":{\"image\":{\"url\":\"\",\"id\":\"\",\"alt\":\"\",\"source\":\"library\",\"size\":\"\"}},\"elements\":[],\"widgetType\":\"image\"},{\"id\":\"91ad8b7\",\"elType\":\"widget\",\"settings\":{\"image\":{\"url\":\"\",\"id\":\"\",\"alt\":\"\",\"source\":\"library\",\"size\":\"\"}},\"elements\":[],\"widgetType\":\"image\"}],\"isInner\":false}],\"isInner\":false}]","_elementor_page_assets":{"scripts":["elementor-frontend"],"styles":["widget-image"]},"_elementor_controls_usage":{"text-editor":{"count":3,"control_percent":1,"controls":{"content":{"section_editor":{"editor":3}},"style":{"section_style":{"typography_typography":2,"typography_font_family":2,"typography_font_size":2,"typography_font_weight":2,"text_color":1}},"advanced":{"_section_style":{"_element_width":1,"_element_custom_width":1}}}},"column":{"count":4,"control_percent":0,"controls":{"layout":{"layout":{"_inline_size":4}},"advanced":{"section_advanced":{"padding":2}}}},"section":{"count":3,"control_percent":0,"controls":{"layout":{"section_structure":{"structure":1}},"advanced":{"section_advanced":{"margin":1}}}},"image":{"count":7,"control_percent":0,"controls":{"content":{"section_image":{"image":7}}}}},"_edit_last":"2","_yoast_wpseo_content_score":"60","_yoast_wpseo_estimated-reading-time-minutes":"2","_yoast_wpseo_wordproof_timestamp":"","_wp_old_slug":"actos-de-navidad","_wpml_media_featured":"1","_wpml_media_duplicate":"1","_cdp_origin":"7772","_cdp_origin_site":"-1","_cdp_origin_title":" Espais Sagrats. El redescobriment de les ciutats maies al segle XIX: Teobert Maler a la Pen\u00ednsula de Yucat\u00e1n #[Counter]","_cdp_counter":"2","_links":{"self":[{"href":"https:\/\/turisme.olocau.es\/ca\/wp-json\/wp\/v2\/posts\/7981","targetHints":{"allow":["GET"]}}],"collection":[{"href":"https:\/\/turisme.olocau.es\/ca\/wp-json\/wp\/v2\/posts"}],"about":[{"href":"https:\/\/turisme.olocau.es\/ca\/wp-json\/wp\/v2\/types\/post"}],"author":[{"embeddable":true,"href":"https:\/\/turisme.olocau.es\/ca\/wp-json\/wp\/v2\/users\/1"}],"replies":[{"embeddable":true,"href":"https:\/\/turisme.olocau.es\/ca\/wp-json\/wp\/v2\/comments?post=7981"}],"version-history":[{"count":21,"href":"https:\/\/turisme.olocau.es\/ca\/wp-json\/wp\/v2\/posts\/7981\/revisions"}],"predecessor-version":[{"id":8196,"href":"https:\/\/turisme.olocau.es\/ca\/wp-json\/wp\/v2\/posts\/7981\/revisions\/8196"}],"wp:featuredmedia":[{"embeddable":true,"href":"https:\/\/turisme.olocau.es\/ca\/wp-json\/wp\/v2\/media\/7959"}],"wp:attachment":[{"href":"https:\/\/turisme.olocau.es\/ca\/wp-json\/wp\/v2\/media?parent=7981"}],"curies":[{"name":"wp","href":"https:\/\/api.w.org\/{rel}","templated":true}]}}