{"id":7445,"date":"2024-05-22T07:54:46","date_gmt":"2024-05-22T07:54:46","guid":{"rendered":"https:\/\/turisme.olocau.es\/?p=7445"},"modified":"2024-05-22T07:56:41","modified_gmt":"2024-05-22T07:56:41","slug":"representacio-de-lobra-la-mujer-mas-fea-del-mundo","status":"publish","type":"post","link":"https:\/\/turisme.olocau.es\/ca\/representacio-de-lobra-la-mujer-mas-fea-del-mundo\/","title":{"rendered":"Representaci\u00f3 de l&#8217;obra \u2018La mujer m\u00e1s fea del mundo\u2019 \u00a0"},"content":{"rendered":"\t\t<div data-elementor-type=\"wp-post\" data-elementor-id=\"7445\" class=\"elementor elementor-7445\" data-elementor-post-type=\"post\">\n\t\t\t\t\t\t<section class=\"elementor-section elementor-top-section elementor-element elementor-element-0a60155 elementor-section-boxed elementor-section-height-default elementor-section-height-default\" data-id=\"0a60155\" data-element_type=\"section\" data-e-type=\"section\">\n\t\t\t\t\t\t<div class=\"elementor-container elementor-column-gap-default\">\n\t\t\t\t\t<div class=\"elementor-column elementor-col-100 elementor-top-column elementor-element elementor-element-badb391\" data-id=\"badb391\" data-element_type=\"column\" data-e-type=\"column\">\n\t\t\t<div class=\"elementor-widget-wrap elementor-element-populated\">\n\t\t\t\t\t\t<section class=\"elementor-section elementor-inner-section elementor-element elementor-element-c913f6c elementor-section-boxed elementor-section-height-default elementor-section-height-default\" data-id=\"c913f6c\" data-element_type=\"section\" data-e-type=\"section\">\n\t\t\t\t\t\t<div class=\"elementor-container elementor-column-gap-default\">\n\t\t\t\t\t<div class=\"elementor-column elementor-col-50 elementor-inner-column elementor-element elementor-element-37ae37f\" data-id=\"37ae37f\" data-element_type=\"column\" data-e-type=\"column\">\n\t\t\t<div class=\"elementor-widget-wrap elementor-element-populated\">\n\t\t\t\t\t\t<div class=\"elementor-element elementor-element-fa37756 elementor-widget elementor-widget-text-editor\" data-id=\"fa37756\" data-element_type=\"widget\" data-e-type=\"widget\" data-widget_type=\"text-editor.default\">\n\t\t\t\t<div class=\"elementor-widget-container\">\n\t\t\t\t\t\t\t\t\t<p>DATA DE L&#8217;ESDEVEMIMENT:<\/p>\t\t\t\t\t\t\t\t<\/div>\n\t\t\t\t<\/div>\n\t\t\t\t\t<\/div>\n\t\t<\/div>\n\t\t\t\t<div class=\"elementor-column elementor-col-50 elementor-inner-column elementor-element elementor-element-b9fe006\" data-id=\"b9fe006\" data-element_type=\"column\" data-e-type=\"column\">\n\t\t\t<div class=\"elementor-widget-wrap elementor-element-populated\">\n\t\t\t\t\t\t<div class=\"elementor-element elementor-element-1593650 elementor-widget elementor-widget-text-editor\" data-id=\"1593650\" data-element_type=\"widget\" data-e-type=\"widget\" data-widget_type=\"text-editor.default\">\n\t\t\t\t<div class=\"elementor-widget-container\">\n\t\t\t\t\t\t\t\t\t<p class=\"western\"><span style=\"font-size: medium;\"><span style=\"font-family: Arial, sans-serif;\">22 de juny<\/span><\/span><\/p>\t\t\t\t\t\t\t\t<\/div>\n\t\t\t\t<\/div>\n\t\t\t\t\t<\/div>\n\t\t<\/div>\n\t\t\t\t\t<\/div>\n\t\t<\/section>\n\t\t\t\t<div class=\"elementor-element elementor-element-83a7e54 elementor-widget__width-initial elementor-widget elementor-widget-text-editor\" data-id=\"83a7e54\" data-element_type=\"widget\" data-e-type=\"widget\" data-widget_type=\"text-editor.default\">\n\t\t\t\t<div class=\"elementor-widget-container\">\n\t\t\t\t\t\t\t\t\t<p class=\"western\"><span style=\"font-size: medium;\"><span style=\"font-family: Arial, sans-serif;\">Representaci\u00f3, el dissabte 22 de juny, a les 19:30 hores, a la Casa de la Cultura, de \u2018La mujer m\u00e1s fea del mundo\u2019, una obra ambientada a l&#8217;Europa del segle XIX que tracta temes com l&#8217;ab\u00fas de poder, la manipulaci\u00f3, el masclisme i l&#8217;explotaci\u00f3 a trav\u00e9s de la dram\u00e0tica hist\u00f2ria de Julia Pastrana. En ella, es fa reflexionar a l&#8217;espectador sobre comportaments i aspectes de la condici\u00f3 humana que, per desgr\u00e0cia, no queden tan lluny. <\/span><\/span><\/p><p class=\"western\"><span style=\"font-size: medium;\"><span style=\"font-family: Arial, sans-serif;\">Est\u00e0 produ\u00efda per La Pen\u00faltima Teatre i Dacsa Produccions, escrita per Manuel Valls, dirigida per Isabel Mart\u00ed i Manuel Valls, i protagonitzada per Luc\u00eda Aibar, Manuel Valls i Pep Sell\u00e9s. A m\u00e9s, va ser guardonada amb el Premi Fundaci\u00f3 Bromera al Millor Text en la 12a edici\u00f3 dels Premis Sala Russafa, i nominada en les categories de Millor Direcci\u00f3 Esc\u00e8nica i Millor Espectacle de Teatre en els Premis de les Arts Esc\u00e8niques Valencianes 2023. <\/span><\/span><\/p><p class=\"western\"><span style=\"font-size: medium;\"><span style=\"font-family: Arial, sans-serif;\">Un esdeveniment organitzat per l&#8217;Ajuntament d&#8217;Olocau i la seua Regidoria d&#8217;Igualtat i Dona amb la col\u00b7laboraci\u00f3 del Pacte d&#8217;Estat contra la Viol\u00e8ncia de G\u00e8nere. Hi haur\u00e0 <b>entrada lliure fins a completar l&#8217;aforament.<\/b><\/span><\/span><\/p><p class=\"western\">\u00a0<\/p>\t\t\t\t\t\t\t\t<\/div>\n\t\t\t\t<\/div>\n\t\t\t\t\t<\/div>\n\t\t<\/div>\n\t\t\t\t\t<\/div>\n\t\t<\/section>\n\t\t\t\t<section class=\"elementor-section elementor-top-section elementor-element elementor-element-99578d8 elementor-section-boxed elementor-section-height-default elementor-section-height-default\" data-id=\"99578d8\" data-element_type=\"section\" data-e-type=\"section\">\n\t\t\t\t\t\t<div class=\"elementor-container elementor-column-gap-default\">\n\t\t\t\t\t<div class=\"elementor-column elementor-col-100 elementor-top-column elementor-element elementor-element-1981136\" data-id=\"1981136\" data-element_type=\"column\" data-e-type=\"column\">\n\t\t\t<div class=\"elementor-widget-wrap elementor-element-populated\">\n\t\t\t\t\t\t<div class=\"elementor-element elementor-element-ccfe276 elementor-widget elementor-widget-image\" data-id=\"ccfe276\" data-element_type=\"widget\" data-e-type=\"widget\" data-widget_type=\"image.default\">\n\t\t\t\t<div class=\"elementor-widget-container\">\n\t\t\t\t\t\t\t\t\t\t\t\t\t\t\t<img fetchpriority=\"high\" decoding=\"async\" width=\"704\" height=\"1024\" src=\"https:\/\/turisme.olocau.es\/wp-content\/uploads\/2024\/05\/Cartel-representacion-de-la-obra-La-mujer-mas-fea-del-mundo-copia-copia-704x1024.jpg\" class=\"attachment-large size-large wp-image-7422\" alt=\"\" srcset=\"https:\/\/turisme.olocau.es\/wp-content\/uploads\/2024\/05\/Cartel-representacion-de-la-obra-La-mujer-mas-fea-del-mundo-copia-copia-704x1024.jpg 704w, https:\/\/turisme.olocau.es\/wp-content\/uploads\/2024\/05\/Cartel-representacion-de-la-obra-La-mujer-mas-fea-del-mundo-copia-copia-206x300.jpg 206w, https:\/\/turisme.olocau.es\/wp-content\/uploads\/2024\/05\/Cartel-representacion-de-la-obra-La-mujer-mas-fea-del-mundo-copia-copia-768x1117.jpg 768w, https:\/\/turisme.olocau.es\/wp-content\/uploads\/2024\/05\/Cartel-representacion-de-la-obra-La-mujer-mas-fea-del-mundo-copia-copia-1056x1536.jpg 1056w, https:\/\/turisme.olocau.es\/wp-content\/uploads\/2024\/05\/Cartel-representacion-de-la-obra-La-mujer-mas-fea-del-mundo-copia-copia.jpg 1300w\" sizes=\"(max-width: 704px) 100vw, 704px\" \/>\t\t\t\t\t\t\t\t\t\t\t\t\t\t\t<\/div>\n\t\t\t\t<\/div>\n\t\t\t\t\t<\/div>\n\t\t<\/div>\n\t\t\t\t\t<\/div>\n\t\t<\/section>\n\t\t\t\t<\/div>\n\t\t","protected":false},"excerpt":{"rendered":"<p>Dissabte 22 de juny  a les 19:30 hores, a la Casa de la Cultura d&#8217;Olocau<\/p>\n","protected":false},"author":1,"featured_media":7440,"comment_status":"open","ping_status":"open","sticky":false,"template":"","format":"standard","meta":{"om_disable_all_campaigns":false,"_monsterinsights_skip_tracking":false,"_monsterinsights_sitenote_active":false,"_monsterinsights_sitenote_note":"","_monsterinsights_sitenote_category":0,"_uf_show_specific_survey":0,"_uf_disable_surveys":false,"footnotes":""},"class_list":["post-7445","post","type-post","status-publish","format-standard","has-post-thumbnail","hentry","category-eventos-ca"],"yoast_head":"<!-- This site is optimized with the Yoast SEO plugin v27.4 - https:\/\/yoast.com\/product\/yoast-seo-wordpress\/ -->\n<title>Representaci\u00f3 de l&#039;obra \u2018La mujer m\u00e1s fea del mundo\u2019 \u00a0 - Turismo Olocau<\/title>\n<meta name=\"robots\" content=\"index, follow, max-snippet:-1, max-image-preview:large, max-video-preview:-1\" \/>\n<link rel=\"canonical\" href=\"https:\/\/turisme.olocau.es\/ca\/representacio-de-lobra-la-mujer-mas-fea-del-mundo\/\" \/>\n<meta property=\"og:locale\" content=\"en_US\" \/>\n<meta property=\"og:type\" content=\"article\" \/>\n<meta property=\"og:title\" content=\"Representaci\u00f3 de l&#039;obra \u2018La mujer m\u00e1s fea del mundo\u2019 \u00a0 - Turismo Olocau\" \/>\n<meta property=\"og:description\" content=\"Dissabte 22 de juny a les 19:30 hores, a la Casa de la Cultura d&#039;Olocau\" \/>\n<meta property=\"og:url\" content=\"https:\/\/turisme.olocau.es\/ca\/representacio-de-lobra-la-mujer-mas-fea-del-mundo\/\" \/>\n<meta property=\"og:site_name\" content=\"Turismo Olocau\" \/>\n<meta property=\"article:publisher\" content=\"https:\/\/www.facebook.com\/Turisme-Olocau-110345021644060\" \/>\n<meta property=\"article:published_time\" content=\"2024-05-22T07:54:46+00:00\" \/>\n<meta property=\"article:modified_time\" content=\"2024-05-22T07:56:41+00:00\" \/>\n<meta property=\"og:image\" content=\"https:\/\/turisme.olocau.es\/wp-content\/uploads\/2024\/05\/Cartel-representacion-de-la-obra-La-mujer-mas-fea-del-mundo-copia-3.jpg\" \/>\n\t<meta property=\"og:image:width\" content=\"911\" \/>\n\t<meta property=\"og:image:height\" content=\"589\" \/>\n\t<meta property=\"og:image:type\" content=\"image\/jpeg\" \/>\n<meta name=\"author\" content=\"Olocau_2022_Turismo\" \/>\n<meta name=\"twitter:card\" content=\"summary_large_image\" \/>\n<meta name=\"twitter:creator\" content=\"@turismeolocau\" \/>\n<meta name=\"twitter:site\" content=\"@turismeolocau\" \/>\n<meta name=\"twitter:label1\" content=\"Written by\" \/>\n\t<meta name=\"twitter:data1\" content=\"Olocau_2022_Turismo\" \/>\n\t<meta name=\"twitter:label2\" content=\"Est. reading time\" \/>\n\t<meta name=\"twitter:data2\" content=\"2 minutes\" \/>\n<script type=\"application\/ld+json\" class=\"yoast-schema-graph\">{\"@context\":\"https:\\\/\\\/schema.org\",\"@graph\":[{\"@type\":\"Article\",\"@id\":\"https:\\\/\\\/turisme.olocau.es\\\/ca\\\/representacio-de-lobra-la-mujer-mas-fea-del-mundo\\\/#article\",\"isPartOf\":{\"@id\":\"https:\\\/\\\/turisme.olocau.es\\\/ca\\\/representacio-de-lobra-la-mujer-mas-fea-del-mundo\\\/\"},\"author\":{\"name\":\"Olocau_2022_Turismo\",\"@id\":\"https:\\\/\\\/turisme.olocau.es\\\/ca\\\/#\\\/schema\\\/person\\\/74aa3a5d6ca1824859c039181fa5a695\"},\"headline\":\"Representaci\u00f3 de l&#8217;obra \u2018La mujer m\u00e1s fea del mundo\u2019 \u00a0\",\"datePublished\":\"2024-05-22T07:54:46+00:00\",\"dateModified\":\"2024-05-22T07:56:41+00:00\",\"mainEntityOfPage\":{\"@id\":\"https:\\\/\\\/turisme.olocau.es\\\/ca\\\/representacio-de-lobra-la-mujer-mas-fea-del-mundo\\\/\"},\"wordCount\":220,\"commentCount\":0,\"publisher\":{\"@id\":\"https:\\\/\\\/turisme.olocau.es\\\/ca\\\/#organization\"},\"image\":{\"@id\":\"https:\\\/\\\/turisme.olocau.es\\\/ca\\\/representacio-de-lobra-la-mujer-mas-fea-del-mundo\\\/#primaryimage\"},\"thumbnailUrl\":\"https:\\\/\\\/turisme.olocau.es\\\/wp-content\\\/uploads\\\/2024\\\/05\\\/Cartel-representacion-de-la-obra-La-mujer-mas-fea-del-mundo-copia-3.jpg\",\"articleSection\":[\"Eventos\"],\"inLanguage\":\"val\",\"potentialAction\":[{\"@type\":\"CommentAction\",\"name\":\"Comment\",\"target\":[\"https:\\\/\\\/turisme.olocau.es\\\/ca\\\/representacio-de-lobra-la-mujer-mas-fea-del-mundo\\\/#respond\"]}]},{\"@type\":\"WebPage\",\"@id\":\"https:\\\/\\\/turisme.olocau.es\\\/ca\\\/representacio-de-lobra-la-mujer-mas-fea-del-mundo\\\/\",\"url\":\"https:\\\/\\\/turisme.olocau.es\\\/ca\\\/representacio-de-lobra-la-mujer-mas-fea-del-mundo\\\/\",\"name\":\"Representaci\u00f3 de l'obra \u2018La mujer m\u00e1s fea del mundo\u2019 \u00a0 - Turismo Olocau\",\"isPartOf\":{\"@id\":\"https:\\\/\\\/turisme.olocau.es\\\/ca\\\/#website\"},\"primaryImageOfPage\":{\"@id\":\"https:\\\/\\\/turisme.olocau.es\\\/ca\\\/representacio-de-lobra-la-mujer-mas-fea-del-mundo\\\/#primaryimage\"},\"image\":{\"@id\":\"https:\\\/\\\/turisme.olocau.es\\\/ca\\\/representacio-de-lobra-la-mujer-mas-fea-del-mundo\\\/#primaryimage\"},\"thumbnailUrl\":\"https:\\\/\\\/turisme.olocau.es\\\/wp-content\\\/uploads\\\/2024\\\/05\\\/Cartel-representacion-de-la-obra-La-mujer-mas-fea-del-mundo-copia-3.jpg\",\"datePublished\":\"2024-05-22T07:54:46+00:00\",\"dateModified\":\"2024-05-22T07:56:41+00:00\",\"breadcrumb\":{\"@id\":\"https:\\\/\\\/turisme.olocau.es\\\/ca\\\/representacio-de-lobra-la-mujer-mas-fea-del-mundo\\\/#breadcrumb\"},\"inLanguage\":\"val\",\"potentialAction\":[{\"@type\":\"ReadAction\",\"target\":[\"https:\\\/\\\/turisme.olocau.es\\\/ca\\\/representacio-de-lobra-la-mujer-mas-fea-del-mundo\\\/\"]}]},{\"@type\":\"ImageObject\",\"inLanguage\":\"val\",\"@id\":\"https:\\\/\\\/turisme.olocau.es\\\/ca\\\/representacio-de-lobra-la-mujer-mas-fea-del-mundo\\\/#primaryimage\",\"url\":\"https:\\\/\\\/turisme.olocau.es\\\/wp-content\\\/uploads\\\/2024\\\/05\\\/Cartel-representacion-de-la-obra-La-mujer-mas-fea-del-mundo-copia-3.jpg\",\"contentUrl\":\"https:\\\/\\\/turisme.olocau.es\\\/wp-content\\\/uploads\\\/2024\\\/05\\\/Cartel-representacion-de-la-obra-La-mujer-mas-fea-del-mundo-copia-3.jpg\",\"width\":911,\"height\":589},{\"@type\":\"BreadcrumbList\",\"@id\":\"https:\\\/\\\/turisme.olocau.es\\\/ca\\\/representacio-de-lobra-la-mujer-mas-fea-del-mundo\\\/#breadcrumb\",\"itemListElement\":[{\"@type\":\"ListItem\",\"position\":1,\"name\":\"Portada\",\"item\":\"https:\\\/\\\/turisme.olocau.es\\\/ca\\\/\"},{\"@type\":\"ListItem\",\"position\":2,\"name\":\"Representaci\u00f3 de l&#8217;obra \u2018La mujer m\u00e1s fea del mundo\u2019 \u00a0\"}]},{\"@type\":\"WebSite\",\"@id\":\"https:\\\/\\\/turisme.olocau.es\\\/ca\\\/#website\",\"url\":\"https:\\\/\\\/turisme.olocau.es\\\/ca\\\/\",\"name\":\"Turismo Olocau\",\"description\":\"Visita Olocau\",\"publisher\":{\"@id\":\"https:\\\/\\\/turisme.olocau.es\\\/ca\\\/#organization\"},\"potentialAction\":[{\"@type\":\"SearchAction\",\"target\":{\"@type\":\"EntryPoint\",\"urlTemplate\":\"https:\\\/\\\/turisme.olocau.es\\\/ca\\\/?s={search_term_string}\"},\"query-input\":{\"@type\":\"PropertyValueSpecification\",\"valueRequired\":true,\"valueName\":\"search_term_string\"}}],\"inLanguage\":\"val\"},{\"@type\":\"Organization\",\"@id\":\"https:\\\/\\\/turisme.olocau.es\\\/ca\\\/#organization\",\"name\":\"Turismo Olocau\",\"url\":\"https:\\\/\\\/turisme.olocau.es\\\/ca\\\/\",\"logo\":{\"@type\":\"ImageObject\",\"inLanguage\":\"val\",\"@id\":\"https:\\\/\\\/turisme.olocau.es\\\/ca\\\/#\\\/schema\\\/logo\\\/image\\\/\",\"url\":\"https:\\\/\\\/turisme.olocau.es\\\/wp-content\\\/uploads\\\/2022\\\/07\\\/Logo-Olocau-turismo_color.png\",\"contentUrl\":\"https:\\\/\\\/turisme.olocau.es\\\/wp-content\\\/uploads\\\/2022\\\/07\\\/Logo-Olocau-turismo_color.png\",\"width\":300,\"height\":123,\"caption\":\"Turismo Olocau\"},\"image\":{\"@id\":\"https:\\\/\\\/turisme.olocau.es\\\/ca\\\/#\\\/schema\\\/logo\\\/image\\\/\"},\"sameAs\":[\"https:\\\/\\\/www.facebook.com\\\/Turisme-Olocau-110345021644060\",\"https:\\\/\\\/x.com\\\/turismeolocau\",\"https:\\\/\\\/www.instagram.com\\\/turismeolocau\\\/\"]},{\"@type\":\"Person\",\"@id\":\"https:\\\/\\\/turisme.olocau.es\\\/ca\\\/#\\\/schema\\\/person\\\/74aa3a5d6ca1824859c039181fa5a695\",\"name\":\"Olocau_2022_Turismo\",\"image\":{\"@type\":\"ImageObject\",\"inLanguage\":\"val\",\"@id\":\"https:\\\/\\\/secure.gravatar.com\\\/avatar\\\/d347f8803fcc2fc2f934c5cb1be1b80e1aa6577ea701698b346d5a14450e0e5a?s=96&d=mm&r=g\",\"url\":\"https:\\\/\\\/secure.gravatar.com\\\/avatar\\\/d347f8803fcc2fc2f934c5cb1be1b80e1aa6577ea701698b346d5a14450e0e5a?s=96&d=mm&r=g\",\"contentUrl\":\"https:\\\/\\\/secure.gravatar.com\\\/avatar\\\/d347f8803fcc2fc2f934c5cb1be1b80e1aa6577ea701698b346d5a14450e0e5a?s=96&d=mm&r=g\",\"caption\":\"Olocau_2022_Turismo\"},\"sameAs\":[\"https:\\\/\\\/turisme.olocau.es\"],\"url\":\"https:\\\/\\\/turisme.olocau.es\\\/ca\\\/author\\\/olocau_2022_turismo\\\/\"}]}<\/script>\n<!-- \/ Yoast SEO plugin. -->","yoast_head_json":{"title":"Representaci\u00f3 de l'obra \u2018La mujer m\u00e1s fea del mundo\u2019 \u00a0 - Turismo Olocau","robots":{"index":"index","follow":"follow","max-snippet":"max-snippet:-1","max-image-preview":"max-image-preview:large","max-video-preview":"max-video-preview:-1"},"canonical":"https:\/\/turisme.olocau.es\/ca\/representacio-de-lobra-la-mujer-mas-fea-del-mundo\/","og_locale":"en_US","og_type":"article","og_title":"Representaci\u00f3 de l'obra \u2018La mujer m\u00e1s fea del mundo\u2019 \u00a0 - Turismo Olocau","og_description":"Dissabte 22 de juny a les 19:30 hores, a la Casa de la Cultura d'Olocau","og_url":"https:\/\/turisme.olocau.es\/ca\/representacio-de-lobra-la-mujer-mas-fea-del-mundo\/","og_site_name":"Turismo Olocau","article_publisher":"https:\/\/www.facebook.com\/Turisme-Olocau-110345021644060","article_published_time":"2024-05-22T07:54:46+00:00","article_modified_time":"2024-05-22T07:56:41+00:00","og_image":[{"width":911,"height":589,"url":"https:\/\/turisme.olocau.es\/wp-content\/uploads\/2024\/05\/Cartel-representacion-de-la-obra-La-mujer-mas-fea-del-mundo-copia-3.jpg","type":"image\/jpeg"}],"author":"Olocau_2022_Turismo","twitter_card":"summary_large_image","twitter_creator":"@turismeolocau","twitter_site":"@turismeolocau","twitter_misc":{"Written by":"Olocau_2022_Turismo","Est. reading time":"2 minutes"},"schema":{"@context":"https:\/\/schema.org","@graph":[{"@type":"Article","@id":"https:\/\/turisme.olocau.es\/ca\/representacio-de-lobra-la-mujer-mas-fea-del-mundo\/#article","isPartOf":{"@id":"https:\/\/turisme.olocau.es\/ca\/representacio-de-lobra-la-mujer-mas-fea-del-mundo\/"},"author":{"name":"Olocau_2022_Turismo","@id":"https:\/\/turisme.olocau.es\/ca\/#\/schema\/person\/74aa3a5d6ca1824859c039181fa5a695"},"headline":"Representaci\u00f3 de l&#8217;obra \u2018La mujer m\u00e1s fea del mundo\u2019 \u00a0","datePublished":"2024-05-22T07:54:46+00:00","dateModified":"2024-05-22T07:56:41+00:00","mainEntityOfPage":{"@id":"https:\/\/turisme.olocau.es\/ca\/representacio-de-lobra-la-mujer-mas-fea-del-mundo\/"},"wordCount":220,"commentCount":0,"publisher":{"@id":"https:\/\/turisme.olocau.es\/ca\/#organization"},"image":{"@id":"https:\/\/turisme.olocau.es\/ca\/representacio-de-lobra-la-mujer-mas-fea-del-mundo\/#primaryimage"},"thumbnailUrl":"https:\/\/turisme.olocau.es\/wp-content\/uploads\/2024\/05\/Cartel-representacion-de-la-obra-La-mujer-mas-fea-del-mundo-copia-3.jpg","articleSection":["Eventos"],"inLanguage":"val","potentialAction":[{"@type":"CommentAction","name":"Comment","target":["https:\/\/turisme.olocau.es\/ca\/representacio-de-lobra-la-mujer-mas-fea-del-mundo\/#respond"]}]},{"@type":"WebPage","@id":"https:\/\/turisme.olocau.es\/ca\/representacio-de-lobra-la-mujer-mas-fea-del-mundo\/","url":"https:\/\/turisme.olocau.es\/ca\/representacio-de-lobra-la-mujer-mas-fea-del-mundo\/","name":"Representaci\u00f3 de l'obra \u2018La mujer m\u00e1s fea del mundo\u2019 \u00a0 - Turismo Olocau","isPartOf":{"@id":"https:\/\/turisme.olocau.es\/ca\/#website"},"primaryImageOfPage":{"@id":"https:\/\/turisme.olocau.es\/ca\/representacio-de-lobra-la-mujer-mas-fea-del-mundo\/#primaryimage"},"image":{"@id":"https:\/\/turisme.olocau.es\/ca\/representacio-de-lobra-la-mujer-mas-fea-del-mundo\/#primaryimage"},"thumbnailUrl":"https:\/\/turisme.olocau.es\/wp-content\/uploads\/2024\/05\/Cartel-representacion-de-la-obra-La-mujer-mas-fea-del-mundo-copia-3.jpg","datePublished":"2024-05-22T07:54:46+00:00","dateModified":"2024-05-22T07:56:41+00:00","breadcrumb":{"@id":"https:\/\/turisme.olocau.es\/ca\/representacio-de-lobra-la-mujer-mas-fea-del-mundo\/#breadcrumb"},"inLanguage":"val","potentialAction":[{"@type":"ReadAction","target":["https:\/\/turisme.olocau.es\/ca\/representacio-de-lobra-la-mujer-mas-fea-del-mundo\/"]}]},{"@type":"ImageObject","inLanguage":"val","@id":"https:\/\/turisme.olocau.es\/ca\/representacio-de-lobra-la-mujer-mas-fea-del-mundo\/#primaryimage","url":"https:\/\/turisme.olocau.es\/wp-content\/uploads\/2024\/05\/Cartel-representacion-de-la-obra-La-mujer-mas-fea-del-mundo-copia-3.jpg","contentUrl":"https:\/\/turisme.olocau.es\/wp-content\/uploads\/2024\/05\/Cartel-representacion-de-la-obra-La-mujer-mas-fea-del-mundo-copia-3.jpg","width":911,"height":589},{"@type":"BreadcrumbList","@id":"https:\/\/turisme.olocau.es\/ca\/representacio-de-lobra-la-mujer-mas-fea-del-mundo\/#breadcrumb","itemListElement":[{"@type":"ListItem","position":1,"name":"Portada","item":"https:\/\/turisme.olocau.es\/ca\/"},{"@type":"ListItem","position":2,"name":"Representaci\u00f3 de l&#8217;obra \u2018La mujer m\u00e1s fea del mundo\u2019 \u00a0"}]},{"@type":"WebSite","@id":"https:\/\/turisme.olocau.es\/ca\/#website","url":"https:\/\/turisme.olocau.es\/ca\/","name":"Turismo Olocau","description":"Visita Olocau","publisher":{"@id":"https:\/\/turisme.olocau.es\/ca\/#organization"},"potentialAction":[{"@type":"SearchAction","target":{"@type":"EntryPoint","urlTemplate":"https:\/\/turisme.olocau.es\/ca\/?s={search_term_string}"},"query-input":{"@type":"PropertyValueSpecification","valueRequired":true,"valueName":"search_term_string"}}],"inLanguage":"val"},{"@type":"Organization","@id":"https:\/\/turisme.olocau.es\/ca\/#organization","name":"Turismo Olocau","url":"https:\/\/turisme.olocau.es\/ca\/","logo":{"@type":"ImageObject","inLanguage":"val","@id":"https:\/\/turisme.olocau.es\/ca\/#\/schema\/logo\/image\/","url":"https:\/\/turisme.olocau.es\/wp-content\/uploads\/2022\/07\/Logo-Olocau-turismo_color.png","contentUrl":"https:\/\/turisme.olocau.es\/wp-content\/uploads\/2022\/07\/Logo-Olocau-turismo_color.png","width":300,"height":123,"caption":"Turismo Olocau"},"image":{"@id":"https:\/\/turisme.olocau.es\/ca\/#\/schema\/logo\/image\/"},"sameAs":["https:\/\/www.facebook.com\/Turisme-Olocau-110345021644060","https:\/\/x.com\/turismeolocau","https:\/\/www.instagram.com\/turismeolocau\/"]},{"@type":"Person","@id":"https:\/\/turisme.olocau.es\/ca\/#\/schema\/person\/74aa3a5d6ca1824859c039181fa5a695","name":"Olocau_2022_Turismo","image":{"@type":"ImageObject","inLanguage":"val","@id":"https:\/\/secure.gravatar.com\/avatar\/d347f8803fcc2fc2f934c5cb1be1b80e1aa6577ea701698b346d5a14450e0e5a?s=96&d=mm&r=g","url":"https:\/\/secure.gravatar.com\/avatar\/d347f8803fcc2fc2f934c5cb1be1b80e1aa6577ea701698b346d5a14450e0e5a?s=96&d=mm&r=g","contentUrl":"https:\/\/secure.gravatar.com\/avatar\/d347f8803fcc2fc2f934c5cb1be1b80e1aa6577ea701698b346d5a14450e0e5a?s=96&d=mm&r=g","caption":"Olocau_2022_Turismo"},"sameAs":["https:\/\/turisme.olocau.es"],"url":"https:\/\/turisme.olocau.es\/ca\/author\/olocau_2022_turismo\/"}]}},"_wpml_word_count":"{\"total\":236,\"to_translate\":{\"en\":236,\"es\":236}}","_edit_lock":"1716364856:2","_thumbnail_id":"7440","_elementor_edit_mode":"builder","_elementor_template_type":"wp-post","_elementor_version":"3.17.3","_elementor_pro_version":"3.17.1","_wp_page_template":"default","_elementor_data":"[{\"id\":\"0a60155\",\"elType\":\"section\",\"settings\":[],\"elements\":[{\"id\":\"badb391\",\"elType\":\"column\",\"settings\":{\"_column_size\":100,\"_inline_size\":null},\"elements\":[{\"id\":\"c913f6c\",\"elType\":\"section\",\"settings\":{\"structure\":\"20\",\"margin\":{\"unit\":\"px\",\"top\":\"0\",\"right\":0,\"bottom\":\"10\",\"left\":0,\"isLinked\":false}},\"elements\":[{\"id\":\"37ae37f\",\"elType\":\"column\",\"settings\":{\"_column_size\":50,\"_inline_size\":16.865,\"padding\":{\"unit\":\"px\",\"top\":\"0\",\"right\":\"0\",\"bottom\":\"0\",\"left\":\"0\",\"isLinked\":true}},\"elements\":[{\"id\":\"fa37756\",\"elType\":\"widget\",\"settings\":{\"editor\":\"<p>DATA DE L'ESDEVEMIMENT:<\\\/p>\",\"typography_typography\":\"custom\",\"typography_font_family\":\"Montserrat\",\"typography_font_size\":{\"unit\":\"px\",\"size\":15,\"sizes\":[]},\"typography_font_weight\":\"600\"},\"elements\":[],\"widgetType\":\"text-editor\"}],\"isInner\":true},{\"id\":\"b9fe006\",\"elType\":\"column\",\"settings\":{\"_column_size\":50,\"_inline_size\":83.135,\"padding\":{\"unit\":\"px\",\"top\":\"0\",\"right\":\"0\",\"bottom\":\"0\",\"left\":\"0\",\"isLinked\":true}},\"elements\":[{\"id\":\"1593650\",\"elType\":\"widget\",\"settings\":{\"editor\":\"<p class=\\\"western\\\"><span style=\\\"font-size: medium;\\\"><span style=\\\"font-family: Arial, sans-serif;\\\">22 de juny<\\\/span><\\\/span><\\\/p>\",\"typography_typography\":\"custom\",\"typography_font_family\":\"Montserrat\",\"typography_font_size\":{\"unit\":\"px\",\"size\":15,\"sizes\":[]},\"typography_font_weight\":\"600\",\"__globals__\":{\"text_color\":\"\"},\"text_color\":\"#1F1D1D\"},\"elements\":[],\"widgetType\":\"text-editor\"}],\"isInner\":true}],\"isInner\":true},{\"id\":\"83a7e54\",\"elType\":\"widget\",\"settings\":{\"editor\":\"<p class=\\\"western\\\"><span style=\\\"font-size: medium;\\\"><span style=\\\"font-family: Arial, sans-serif;\\\">Representaci\\u00f3, el dissabte 22 de juny, a les 19:30 hores, a la Casa de la Cultura, de \\u2018La mujer m\\u00e1s fea del mundo\\u2019, una obra ambientada a l'Europa del segle XIX que tracta temes com l'ab\\u00fas de poder, la manipulaci\\u00f3, el masclisme i l'explotaci\\u00f3 a trav\\u00e9s de la dram\\u00e0tica hist\\u00f2ria de Julia Pastrana. En ella, es fa reflexionar a l'espectador sobre comportaments i aspectes de la condici\\u00f3 humana que, per desgr\\u00e0cia, no queden tan lluny. <\\\/span><\\\/span><\\\/p><p class=\\\"western\\\"><span style=\\\"font-size: medium;\\\"><span style=\\\"font-family: Arial, sans-serif;\\\">Est\\u00e0 produ\\u00efda per La Pen\\u00faltima Teatre i Dacsa Produccions, escrita per Manuel Valls, dirigida per Isabel Mart\\u00ed i Manuel Valls, i protagonitzada per Luc\\u00eda Aibar, Manuel Valls i Pep Sell\\u00e9s. A m\\u00e9s, va ser guardonada amb el Premi Fundaci\\u00f3 Bromera al Millor Text en la 12a edici\\u00f3 dels Premis Sala Russafa, i nominada en les categories de Millor Direcci\\u00f3 Esc\\u00e8nica i Millor Espectacle de Teatre en els Premis de les Arts Esc\\u00e8niques Valencianes 2023. <\\\/span><\\\/span><\\\/p><p class=\\\"western\\\"><span style=\\\"font-size: medium;\\\"><span style=\\\"font-family: Arial, sans-serif;\\\">Un esdeveniment organitzat per l'Ajuntament d'Olocau i la seua Regidoria d'Igualtat i Dona amb la col\\u00b7laboraci\\u00f3 del Pacte d'Estat contra la Viol\\u00e8ncia de G\\u00e8nere. Hi haur\\u00e0 <b>entrada lliure fins a completar l'aforament.<\\\/b><\\\/span><\\\/span><\\\/p><p class=\\\"western\\\">\\u00a0<\\\/p>\",\"_element_width\":\"initial\",\"_element_custom_width\":{\"unit\":\"%\",\"size\":90.099}},\"elements\":[],\"widgetType\":\"text-editor\"}],\"isInner\":false}],\"isInner\":false},{\"id\":\"99578d8\",\"elType\":\"section\",\"settings\":[],\"elements\":[{\"id\":\"1981136\",\"elType\":\"column\",\"settings\":{\"_column_size\":100,\"_inline_size\":null},\"elements\":[{\"id\":\"ccfe276\",\"elType\":\"widget\",\"settings\":{\"image\":{\"url\":\"https:\\\/\\\/turisme.olocau.es\\\/wp-content\\\/uploads\\\/2024\\\/05\\\/Cartel-representacion-de-la-obra-La-mujer-mas-fea-del-mundo-copia-copia.jpg\",\"id\":7422,\"alt\":\"\",\"source\":\"library\",\"size\":\"\"}},\"elements\":[],\"widgetType\":\"image\"},{\"id\":\"6ef260d\",\"elType\":\"widget\",\"settings\":{\"image\":{\"url\":\"\",\"id\":\"\",\"alt\":\"\",\"source\":\"library\",\"size\":\"\"}},\"elements\":[],\"widgetType\":\"image\"},{\"id\":\"3305bd5\",\"elType\":\"widget\",\"settings\":{\"image\":{\"url\":\"\",\"id\":\"\",\"alt\":\"\",\"source\":\"library\",\"size\":\"\"}},\"elements\":[],\"widgetType\":\"image\"},{\"id\":\"10dc4fa\",\"elType\":\"widget\",\"settings\":{\"image\":{\"url\":\"\",\"id\":\"\",\"alt\":\"\",\"source\":\"library\",\"size\":\"\"}},\"elements\":[],\"widgetType\":\"image\"},{\"id\":\"df94e04\",\"elType\":\"widget\",\"settings\":{\"image\":{\"url\":\"\",\"id\":\"\",\"alt\":\"\",\"source\":\"library\",\"size\":\"\"}},\"elements\":[],\"widgetType\":\"image\"},{\"id\":\"b987021\",\"elType\":\"widget\",\"settings\":{\"image\":{\"url\":\"\",\"id\":\"\",\"alt\":\"\",\"source\":\"library\",\"size\":\"\"}},\"elements\":[],\"widgetType\":\"image\"},{\"id\":\"91ad8b7\",\"elType\":\"widget\",\"settings\":{\"image\":{\"url\":\"\",\"id\":\"\",\"alt\":\"\",\"source\":\"library\",\"size\":\"\"}},\"elements\":[],\"widgetType\":\"image\"}],\"isInner\":false}],\"isInner\":false}]","_elementor_page_assets":{"scripts":["elementor-frontend"],"styles":["widget-image"]},"_elementor_controls_usage":{"text-editor":{"count":3,"control_percent":1,"controls":{"content":{"section_editor":{"editor":3}},"style":{"section_style":{"typography_typography":2,"typography_font_family":2,"typography_font_size":2,"typography_font_weight":2,"text_color":1}},"advanced":{"_section_style":{"_element_width":1,"_element_custom_width":1}}}},"column":{"count":4,"control_percent":0,"controls":{"layout":{"layout":{"_inline_size":4}},"advanced":{"section_advanced":{"padding":2}}}},"section":{"count":3,"control_percent":0,"controls":{"layout":{"section_structure":{"structure":1}},"advanced":{"section_advanced":{"margin":1}}}},"image":{"count":7,"control_percent":0,"controls":{"content":{"section_image":{"image":7}}}}},"_edit_last":"2","_yoast_wpseo_content_score":"90","_yoast_wpseo_estimated-reading-time-minutes":"2","_yoast_wpseo_wordproof_timestamp":"","_wp_old_slug":"actos-de-navidad","_wpml_media_featured":"1","_wpml_media_duplicate":"1","_cdp_origin":"7412","_cdp_origin_site":"-1","_cdp_origin_title":" Representaci\u00f3 del sainet \u2018El Borrego Baldomero\u2019, de la companyia Anidea Teatre #[Counter]","_cdp_counter":"2","_links":{"self":[{"href":"https:\/\/turisme.olocau.es\/ca\/wp-json\/wp\/v2\/posts\/7445","targetHints":{"allow":["GET"]}}],"collection":[{"href":"https:\/\/turisme.olocau.es\/ca\/wp-json\/wp\/v2\/posts"}],"about":[{"href":"https:\/\/turisme.olocau.es\/ca\/wp-json\/wp\/v2\/types\/post"}],"author":[{"embeddable":true,"href":"https:\/\/turisme.olocau.es\/ca\/wp-json\/wp\/v2\/users\/1"}],"replies":[{"embeddable":true,"href":"https:\/\/turisme.olocau.es\/ca\/wp-json\/wp\/v2\/comments?post=7445"}],"version-history":[{"count":3,"href":"https:\/\/turisme.olocau.es\/ca\/wp-json\/wp\/v2\/posts\/7445\/revisions"}],"predecessor-version":[{"id":7448,"href":"https:\/\/turisme.olocau.es\/ca\/wp-json\/wp\/v2\/posts\/7445\/revisions\/7448"}],"wp:featuredmedia":[{"embeddable":true,"href":"https:\/\/turisme.olocau.es\/ca\/wp-json\/wp\/v2\/media\/7440"}],"wp:attachment":[{"href":"https:\/\/turisme.olocau.es\/ca\/wp-json\/wp\/v2\/media?parent=7445"}],"curies":[{"name":"wp","href":"https:\/\/api.w.org\/{rel}","templated":true}]}}