{"id":6406,"date":"2024-02-16T12:49:47","date_gmt":"2024-02-16T12:49:47","guid":{"rendered":"https:\/\/turisme.olocau.es\/?p=6406"},"modified":"2024-02-16T12:58:37","modified_gmt":"2024-02-16T12:58:37","slug":"olocau-commemora-el-8m-amb-cultura-historia-tallers-i-reivindicacio","status":"publish","type":"post","link":"https:\/\/turisme.olocau.es\/ca\/olocau-commemora-el-8m-amb-cultura-historia-tallers-i-reivindicacio\/","title":{"rendered":"Olocau commemora el 8M amb cultura, hist\u00f2ria, tallers i reivindicaci\u00f3"},"content":{"rendered":"\t\t<div data-elementor-type=\"wp-post\" data-elementor-id=\"6406\" class=\"elementor elementor-6406\" data-elementor-post-type=\"post\">\n\t\t\t\t\t\t<section class=\"elementor-section elementor-top-section elementor-element elementor-element-0a60155 elementor-section-boxed elementor-section-height-default elementor-section-height-default\" data-id=\"0a60155\" data-element_type=\"section\" data-e-type=\"section\">\n\t\t\t\t\t\t<div class=\"elementor-container elementor-column-gap-default\">\n\t\t\t\t\t<div class=\"elementor-column elementor-col-100 elementor-top-column elementor-element elementor-element-badb391\" data-id=\"badb391\" data-element_type=\"column\" data-e-type=\"column\">\n\t\t\t<div class=\"elementor-widget-wrap elementor-element-populated\">\n\t\t\t\t\t\t<section class=\"elementor-section elementor-inner-section elementor-element elementor-element-c913f6c elementor-section-boxed elementor-section-height-default elementor-section-height-default\" data-id=\"c913f6c\" data-element_type=\"section\" data-e-type=\"section\">\n\t\t\t\t\t\t<div class=\"elementor-container elementor-column-gap-default\">\n\t\t\t\t\t<div class=\"elementor-column elementor-col-50 elementor-inner-column elementor-element elementor-element-37ae37f\" data-id=\"37ae37f\" data-element_type=\"column\" data-e-type=\"column\">\n\t\t\t<div class=\"elementor-widget-wrap elementor-element-populated\">\n\t\t\t\t\t\t<div class=\"elementor-element elementor-element-fa37756 elementor-widget elementor-widget-text-editor\" data-id=\"fa37756\" data-element_type=\"widget\" data-e-type=\"widget\" data-widget_type=\"text-editor.default\">\n\t\t\t\t<div class=\"elementor-widget-container\">\n\t\t\t\t\t\t\t\t\t<p>DATA DE L&#8217;ESDEVEMIMENT:<\/p>\t\t\t\t\t\t\t\t<\/div>\n\t\t\t\t<\/div>\n\t\t\t\t\t<\/div>\n\t\t<\/div>\n\t\t\t\t<div class=\"elementor-column elementor-col-50 elementor-inner-column elementor-element elementor-element-b9fe006\" data-id=\"b9fe006\" data-element_type=\"column\" data-e-type=\"column\">\n\t\t\t<div class=\"elementor-widget-wrap elementor-element-populated\">\n\t\t\t\t\t\t\t<\/div>\n\t\t<\/div>\n\t\t\t\t\t<\/div>\n\t\t<\/section>\n\t\t\t\t<div class=\"elementor-element elementor-element-83a7e54 elementor-widget__width-initial elementor-widget elementor-widget-text-editor\" data-id=\"83a7e54\" data-element_type=\"widget\" data-e-type=\"widget\" data-widget_type=\"text-editor.default\">\n\t\t\t\t<div class=\"elementor-widget-container\">\n\t\t\t\t\t\t\t\t\t<p class=\"western\"><span style=\"color: #000000;\"><span style=\"font-family: Open Sans, Helvetica, Arial, sans-serif;\"><span style=\"font-size: medium;\">Olocau commemora el 8M amb cultura, hist\u00f2ria, tallers i reivindicaci\u00f3<\/span><\/span><\/span><\/p><p class=\"western\"><span style=\"font-family: inherit;\"><br \/><\/span><span style=\"color: #000000;\"><span style=\"font-family: Open Sans, Helvetica, Arial, sans-serif;\"><span style=\"font-size: medium;\">El programa d&#8217;actes finalitzar\u00e0 el 13 d&#8217;abril<\/span><\/span><\/span><span style=\"font-family: inherit;\"><br \/><\/span><span style=\"color: #000000;\"><span style=\"font-family: Open Sans, Helvetica, Arial, sans-serif;\"><span style=\"font-size: medium;\">La commemoraci\u00f3 del 8 de<\/span><\/span><\/span> <span style=\"color: #000000;\"><span style=\"font-family: Open Sans, Helvetica, Arial, sans-serif;\"><span style=\"font-size: medium;\">Mar\u00e7<\/span><\/span><\/span><span style=\"color: #000000;\"><span style=\"font-family: Open Sans, Helvetica, Arial, sans-serif;\"><span style=\"font-size: medium;\">, Dia Internacional de la Dona, portar\u00e0 a Olocau, un any m\u00e9s, un conjunt d&#8217;actes i activitats per a conscienciar i sensibilitzar sobre la igualtat de g\u00e8nere i la defensa dels drets de les dones.<\/span><\/span><\/span><span style=\"font-family: inherit;\"><br \/><\/span><span style=\"color: #000000;\"><span style=\"font-family: Open Sans, Helvetica, Arial, sans-serif;\"><span style=\"font-size: medium;\">El programa, elaborat per l&#8217;Ajuntament a trav\u00e9s de la seua Regidoria d&#8217;Igualtat i Dona,<\/span><\/span><\/span> <span style=\"color: #000000;\"><span style=\"font-family: Open Sans, Helvetica, Arial, sans-serif;\"><span style=\"font-size: medium;\">ofereix<\/span><\/span><\/span> <span style=\"color: #000000;\"><span style=\"font-family: Open Sans, Helvetica, Arial, sans-serif;\"><span style=\"font-size: medium;\">una \u00e0mplia varietat de propostes dirigides a tots els p\u00fablics en les quals hi haur\u00e0 espai per a la reflexi\u00f3 i la reivindicaci\u00f3. A m\u00e9s, el seu cartell anunciador ha sigut realitzat per Iris<\/span><\/span><\/span> <span style=\"color: #000000;\"><span style=\"font-family: Open Sans, Helvetica, Arial, sans-serif;\"><span style=\"font-size: medium;\">Guinart<\/span><\/span><\/span> <span style=\"color: #000000;\"><span style=\"font-family: Open Sans, Helvetica, Arial, sans-serif;\"><span style=\"font-size: medium;\">Pastor, alumna de 5 Prim\u00e0ria del<\/span><\/span><\/span> <span style=\"color: #000000;\"><span style=\"font-family: Open Sans, Helvetica, Arial, sans-serif;\"><span style=\"font-size: medium;\">CRA<\/span><\/span><\/span> <span style=\"color: #000000;\"><span style=\"font-family: Open Sans, Helvetica, Arial, sans-serif;\"><span style=\"font-size: medium;\">Alt Carraixet &#8211;<\/span><\/span><\/span><span style=\"color: #000000;\"><span style=\"font-family: Open Sans, Helvetica, Arial, sans-serif;\"><span style=\"font-size: medium;\">Col\u00b7legi<\/span><\/span><\/span> <span style=\"color: #000000;\"><span style=\"font-family: Open Sans, Helvetica, Arial, sans-serif;\"><span style=\"font-size: medium;\">Mestre Ferran<\/span><\/span><\/span> <span style=\"color: #000000;\"><span style=\"font-family: Open Sans, Helvetica, Arial, sans-serif;\"><span style=\"font-size: medium;\">Zurriaga<\/span><\/span><\/span><span style=\"color: #000000;\"><span style=\"font-family: Open Sans, Helvetica, Arial, sans-serif;\"><span style=\"font-size: medium;\">; una obra que<\/span><\/span><\/span> <span style=\"color: #000000;\"><span style=\"font-family: Open Sans, Helvetica, Arial, sans-serif;\"><span style=\"font-size: medium;\">reflecteix<\/span><\/span><\/span> <span style=\"color: #000000;\"><span style=\"font-family: Open Sans, Helvetica, Arial, sans-serif;\"><span style=\"font-size: medium;\">l&#8217;esperit del 8M i que va resultar guanyadora del concurs realitzat pel centre educatiu.<\/span><\/span><\/span><span style=\"font-family: inherit;\"><br \/><\/span><span style=\"color: #000000;\"><span style=\"font-family: Open Sans, Helvetica, Arial, sans-serif;\"><span style=\"font-size: medium;\">Els primers actes tindran lloc els dies 24 i 28 de febrer amb dos originals tallers dedicats a la percussi\u00f3 corporal i a les arts pl\u00e0stiques enfocades al m\u00f3n del cinema (&#8216;Dons de Cinema&#8217;), respectivament. Les persones interessades a participar en ells poden apuntar-se a l&#8217;Ajuntament i en el n\u00famero 96 270 30 11.<\/span><\/span><\/span><span style=\"font-family: inherit;\"><br \/><\/span><span style=\"color: #000000;\"><span style=\"font-family: Open Sans, Helvetica, Arial, sans-serif;\"><span style=\"font-size: medium;\">Els seg\u00fcents esdeveniments tindran un marcat car\u00e0cter cultural, amb el mon\u00f2leg de com\u00e8dia &#8216;La Mare Antisistema&#8217;, de l&#8217;actriu Pilar<\/span><\/span><\/span> <span style=\"color: #000000;\"><span style=\"font-family: Open Sans, Helvetica, Arial, sans-serif;\"><span style=\"font-size: medium;\">Rochina<\/span><\/span><\/span><span style=\"color: #000000;\"><span style=\"font-family: Open Sans, Helvetica, Arial, sans-serif;\"><span style=\"font-size: medium;\">, el 2 de mar\u00e7, i l&#8217;excursi\u00f3 &#8216;Val\u00e8ncia amb nom de dona&#8217; del dia 6; una jornada en la qual tamb\u00e9 hi haur\u00e0 temps per a anar a la<\/span><\/span><\/span> <span style=\"color: #000000;\"><span style=\"font-family: Open Sans, Helvetica, Arial, sans-serif;\"><span style=\"font-size: medium;\">masclet\u00e0<\/span><\/span><\/span> <span style=\"color: #000000;\"><span style=\"font-family: Open Sans, Helvetica, Arial, sans-serif;\"><span style=\"font-size: medium;\">i quedar-se a menjar (inscripcions en el Consistori i telefonant al 96 270 30 11).<\/span><\/span><\/span><span style=\"font-family: inherit;\"><br \/><\/span><span style=\"color: #000000;\"><span style=\"font-family: Open Sans, Helvetica, Arial, sans-serif;\"><span style=\"font-size: medium;\">El 8 de mar\u00e7, el Sal\u00f3 de Plens acollir\u00e0 l&#8217;Acte Institucional, que comptar\u00e0 amb la lectura del manifest pel Dia Internacional de la Dona i, en finalitzar, un vi d&#8217;honor per als assistents. A la vesprada, s&#8217;oferir\u00e0 la possibilitat d&#8217;assistir a la manifestaci\u00f3 del 8M a Val\u00e8ncia amb l&#8217;autob\u00fas que partir\u00e0 des de la parada de L<\/span><\/span><\/span><span style=\"color: #000000;\"><span style=\"font-family: Open Sans, Helvetica, Arial, sans-serif;\"><span style=\"font-size: medium;\">&#8216;<\/span><\/span><\/span><span style=\"color: #000000;\"><span style=\"font-family: Open Sans, Helvetica, Arial, sans-serif;\"><span style=\"font-size: medium;\">Arquet. Les inscripcions es podran realitzar igualment a l&#8217;Ajuntament i en el tel\u00e8fon 96 270 30 11. Aix\u00ed mateix, a les 18.00 hores, l&#8217;associaci\u00f3 Mestresses de casa d&#8217;Olocau organitzar\u00e0 un berenar a la Casa de la Cultura (per a apuntar-se, cal posar-se en contacte amb<\/span><\/span><\/span> <span style=\"color: #000000;\"><span style=\"font-family: Open Sans, Helvetica, Arial, sans-serif;\"><span style=\"font-size: medium;\">Horte<\/span><\/span><\/span><span style=\"color: #000000;\"><span style=\"font-family: Open Sans, Helvetica, Arial, sans-serif;\"><span style=\"font-size: medium;\">, Elena o<\/span><\/span><\/span> <span style=\"color: #000000;\"><span style=\"font-family: Open Sans, Helvetica, Arial, sans-serif;\"><span style=\"font-size: medium;\">Susana<\/span><\/span><\/span><span style=\"color: #000000;\"><span style=\"font-family: Open Sans, Helvetica, Arial, sans-serif;\"><span style=\"font-size: medium;\">).<\/span><\/span><\/span><span style=\"font-family: inherit;\"><br \/><\/span><span style=\"color: #000000;\"><span style=\"font-family: Open Sans, Helvetica, Arial, sans-serif;\"><span style=\"font-size: medium;\">La dansa cl\u00e0ssica i contempor\u00e0nia i la m\u00fasica en directe s&#8217;uniran el 9 de mar\u00e7 per la igualtat amb la representaci\u00f3 de l&#8217;obra &#8216;Hist\u00f2ria d&#8217;una ballarina&#8217;, un espectacle que emocionar\u00e0 i entusiasmar\u00e0<\/span><\/span><\/span> <span style=\"color: #000000;\"><span style=\"font-family: Open Sans, Helvetica, Arial, sans-serif;\"><span style=\"font-size: medium;\">el<\/span><\/span><\/span> <span style=\"color: #000000;\"><span style=\"font-family: Open Sans, Helvetica, Arial, sans-serif;\"><span style=\"font-size: medium;\">p\u00fablic assistent.<\/span><\/span><\/span><span style=\"font-family: inherit;\"><br \/><\/span><span style=\"color: #000000;\"><span style=\"font-family: Open Sans, Helvetica, Arial, sans-serif;\"><span style=\"font-size: medium;\">I com a conclusi\u00f3, el dissabte 13 d&#8217;abril hi haur\u00e0 una pujada teatralitzada al Puntal dels Llops en la qual es narrar\u00e0 com era la vida en la talaia a trav\u00e9s de diversos personatges femenins.<\/span><\/span><\/span><\/p>\t\t\t\t\t\t\t\t<\/div>\n\t\t\t\t<\/div>\n\t\t\t\t\t<\/div>\n\t\t<\/div>\n\t\t\t\t\t<\/div>\n\t\t<\/section>\n\t\t\t\t<section class=\"elementor-section elementor-top-section elementor-element elementor-element-99578d8 elementor-section-boxed elementor-section-height-default elementor-section-height-default\" data-id=\"99578d8\" data-element_type=\"section\" data-e-type=\"section\">\n\t\t\t\t\t\t<div class=\"elementor-container elementor-column-gap-default\">\n\t\t\t\t\t<div class=\"elementor-column elementor-col-100 elementor-top-column elementor-element elementor-element-1981136\" data-id=\"1981136\" data-element_type=\"column\" data-e-type=\"column\">\n\t\t\t<div class=\"elementor-widget-wrap elementor-element-populated\">\n\t\t\t\t\t\t<div class=\"elementor-element elementor-element-3305bd5 elementor-widget elementor-widget-image\" data-id=\"3305bd5\" data-element_type=\"widget\" data-e-type=\"widget\" data-widget_type=\"image.default\">\n\t\t\t\t<div class=\"elementor-widget-container\">\n\t\t\t\t\t\t\t\t\t\t\t\t\t\t\t<img fetchpriority=\"high\" decoding=\"async\" width=\"724\" height=\"1024\" src=\"https:\/\/turisme.olocau.es\/wp-content\/uploads\/2024\/02\/Cartell-8M-Olocau-724x1024.jpg\" class=\"attachment-large size-large wp-image-6346\" alt=\"\" srcset=\"https:\/\/turisme.olocau.es\/wp-content\/uploads\/2024\/02\/Cartell-8M-Olocau-724x1024.jpg 724w, https:\/\/turisme.olocau.es\/wp-content\/uploads\/2024\/02\/Cartell-8M-Olocau-212x300.jpg 212w, https:\/\/turisme.olocau.es\/wp-content\/uploads\/2024\/02\/Cartell-8M-Olocau-768x1086.jpg 768w, https:\/\/turisme.olocau.es\/wp-content\/uploads\/2024\/02\/Cartell-8M-Olocau-1086x1536.jpg 1086w, https:\/\/turisme.olocau.es\/wp-content\/uploads\/2024\/02\/Cartell-8M-Olocau-1448x2048.jpg 1448w, https:\/\/turisme.olocau.es\/wp-content\/uploads\/2024\/02\/Cartell-8M-Olocau-scaled.jpg 1810w\" sizes=\"(max-width: 724px) 100vw, 724px\" \/>\t\t\t\t\t\t\t\t\t\t\t\t\t\t\t<\/div>\n\t\t\t\t<\/div>\n\t\t\t\t<div class=\"elementor-element elementor-element-ccfe276 elementor-widget elementor-widget-image\" data-id=\"ccfe276\" data-element_type=\"widget\" data-e-type=\"widget\" data-widget_type=\"image.default\">\n\t\t\t\t<div class=\"elementor-widget-container\">\n\t\t\t\t\t\t\t\t\t\t\t\t\t\t\t<img decoding=\"async\" width=\"800\" height=\"566\" src=\"https:\/\/turisme.olocau.es\/wp-content\/uploads\/2024\/02\/428419993_778044377683145_3599938143936627542_n-1024x724.jpg\" class=\"attachment-large size-large wp-image-6352\" alt=\"\" srcset=\"https:\/\/turisme.olocau.es\/wp-content\/uploads\/2024\/02\/428419993_778044377683145_3599938143936627542_n-1024x724.jpg 1024w, https:\/\/turisme.olocau.es\/wp-content\/uploads\/2024\/02\/428419993_778044377683145_3599938143936627542_n-300x212.jpg 300w, https:\/\/turisme.olocau.es\/wp-content\/uploads\/2024\/02\/428419993_778044377683145_3599938143936627542_n-768x543.jpg 768w, https:\/\/turisme.olocau.es\/wp-content\/uploads\/2024\/02\/428419993_778044377683145_3599938143936627542_n-1536x1086.jpg 1536w, https:\/\/turisme.olocau.es\/wp-content\/uploads\/2024\/02\/428419993_778044377683145_3599938143936627542_n.jpg 1755w\" sizes=\"(max-width: 800px) 100vw, 800px\" \/>\t\t\t\t\t\t\t\t\t\t\t\t\t\t\t<\/div>\n\t\t\t\t<\/div>\n\t\t\t\t<div class=\"elementor-element elementor-element-6ef260d elementor-widget elementor-widget-image\" data-id=\"6ef260d\" data-element_type=\"widget\" data-e-type=\"widget\" data-widget_type=\"image.default\">\n\t\t\t\t<div class=\"elementor-widget-container\">\n\t\t\t\t\t\t\t\t\t\t\t\t\t\t\t<img decoding=\"async\" width=\"800\" height=\"566\" src=\"https:\/\/turisme.olocau.es\/wp-content\/uploads\/2024\/02\/428411978_778044367683146_48601899863686763_n-1024x724.jpg\" class=\"attachment-large size-large wp-image-6355\" alt=\"\" srcset=\"https:\/\/turisme.olocau.es\/wp-content\/uploads\/2024\/02\/428411978_778044367683146_48601899863686763_n-1024x724.jpg 1024w, https:\/\/turisme.olocau.es\/wp-content\/uploads\/2024\/02\/428411978_778044367683146_48601899863686763_n-300x212.jpg 300w, https:\/\/turisme.olocau.es\/wp-content\/uploads\/2024\/02\/428411978_778044367683146_48601899863686763_n-768x543.jpg 768w, https:\/\/turisme.olocau.es\/wp-content\/uploads\/2024\/02\/428411978_778044367683146_48601899863686763_n-1536x1086.jpg 1536w, https:\/\/turisme.olocau.es\/wp-content\/uploads\/2024\/02\/428411978_778044367683146_48601899863686763_n.jpg 1755w\" sizes=\"(max-width: 800px) 100vw, 800px\" \/>\t\t\t\t\t\t\t\t\t\t\t\t\t\t\t<\/div>\n\t\t\t\t<\/div>\n\t\t\t\t\t<\/div>\n\t\t<\/div>\n\t\t\t\t\t<\/div>\n\t\t<\/section>\n\t\t\t\t<\/div>\n\t\t","protected":false},"excerpt":{"rendered":"<p>Programa d&#8217;actes 8M a Olocau. El programa finalitzar\u00e0 el 13 d&#8217;abril<\/p>\n","protected":false},"author":1,"featured_media":6374,"comment_status":"open","ping_status":"open","sticky":false,"template":"","format":"standard","meta":{"om_disable_all_campaigns":false,"_monsterinsights_skip_tracking":false,"_monsterinsights_sitenote_active":false,"_monsterinsights_sitenote_note":"","_monsterinsights_sitenote_category":0,"_uf_show_specific_survey":0,"_uf_disable_surveys":false,"footnotes":""},"class_list":["post-6406","post","type-post","status-publish","format-standard","has-post-thumbnail","hentry","category-eventos"],"yoast_head":"<!-- This site is optimized with the Yoast SEO plugin v27.5 - https:\/\/yoast.com\/product\/yoast-seo-wordpress\/ -->\n<title>Olocau commemora el 8M amb cultura, hist\u00f2ria, tallers i reivindicaci\u00f3 - Turismo Olocau<\/title>\n<meta name=\"robots\" content=\"index, follow, max-snippet:-1, max-image-preview:large, max-video-preview:-1\" \/>\n<link rel=\"canonical\" href=\"https:\/\/turisme.olocau.es\/ca\/olocau-commemora-el-8m-amb-cultura-historia-tallers-i-reivindicacio\/\" \/>\n<meta property=\"og:locale\" content=\"en_US\" \/>\n<meta property=\"og:type\" content=\"article\" \/>\n<meta property=\"og:title\" content=\"Olocau commemora el 8M amb cultura, hist\u00f2ria, tallers i reivindicaci\u00f3 - Turismo Olocau\" \/>\n<meta property=\"og:description\" content=\"Programa d&#039;actes 8M a Olocau. El programa finalitzar\u00e0 el 13 d&#039;abril\" \/>\n<meta property=\"og:url\" content=\"https:\/\/turisme.olocau.es\/ca\/olocau-commemora-el-8m-amb-cultura-historia-tallers-i-reivindicacio\/\" \/>\n<meta property=\"og:site_name\" content=\"Turismo Olocau\" \/>\n<meta property=\"article:publisher\" content=\"https:\/\/www.facebook.com\/Turisme-Olocau-110345021644060\" \/>\n<meta property=\"article:published_time\" content=\"2024-02-16T12:49:47+00:00\" \/>\n<meta property=\"article:modified_time\" content=\"2024-02-16T12:58:37+00:00\" \/>\n<meta property=\"og:image\" content=\"https:\/\/turisme.olocau.es\/wp-content\/uploads\/2024\/02\/Cartell-8M-Olocau-copia-3.jpg\" \/>\n\t<meta property=\"og:image:width\" content=\"2479\" \/>\n\t<meta property=\"og:image:height\" content=\"1729\" \/>\n\t<meta property=\"og:image:type\" content=\"image\/jpeg\" \/>\n<meta name=\"author\" content=\"Olocau_2022_Turismo\" \/>\n<meta name=\"twitter:card\" content=\"summary_large_image\" \/>\n<meta name=\"twitter:creator\" content=\"@turismeolocau\" \/>\n<meta name=\"twitter:site\" content=\"@turismeolocau\" \/>\n<meta name=\"twitter:label1\" content=\"Written by\" \/>\n\t<meta name=\"twitter:data1\" content=\"Olocau_2022_Turismo\" \/>\n\t<meta name=\"twitter:label2\" content=\"Est. reading time\" \/>\n\t<meta name=\"twitter:data2\" content=\"3 minutes\" \/>\n<script type=\"application\/ld+json\" class=\"yoast-schema-graph\">{\"@context\":\"https:\\\/\\\/schema.org\",\"@graph\":[{\"@type\":\"Article\",\"@id\":\"https:\\\/\\\/turisme.olocau.es\\\/ca\\\/olocau-commemora-el-8m-amb-cultura-historia-tallers-i-reivindicacio\\\/#article\",\"isPartOf\":{\"@id\":\"https:\\\/\\\/turisme.olocau.es\\\/ca\\\/olocau-commemora-el-8m-amb-cultura-historia-tallers-i-reivindicacio\\\/\"},\"author\":{\"name\":\"Olocau_2022_Turismo\",\"@id\":\"https:\\\/\\\/turisme.olocau.es\\\/ca\\\/#\\\/schema\\\/person\\\/74aa3a5d6ca1824859c039181fa5a695\"},\"headline\":\"Olocau commemora el 8M amb cultura, hist\u00f2ria, tallers i reivindicaci\u00f3\",\"datePublished\":\"2024-02-16T12:49:47+00:00\",\"dateModified\":\"2024-02-16T12:58:37+00:00\",\"mainEntityOfPage\":{\"@id\":\"https:\\\/\\\/turisme.olocau.es\\\/ca\\\/olocau-commemora-el-8m-amb-cultura-historia-tallers-i-reivindicacio\\\/\"},\"wordCount\":469,\"commentCount\":0,\"publisher\":{\"@id\":\"https:\\\/\\\/turisme.olocau.es\\\/ca\\\/#organization\"},\"image\":{\"@id\":\"https:\\\/\\\/turisme.olocau.es\\\/ca\\\/olocau-commemora-el-8m-amb-cultura-historia-tallers-i-reivindicacio\\\/#primaryimage\"},\"thumbnailUrl\":\"https:\\\/\\\/turisme.olocau.es\\\/wp-content\\\/uploads\\\/2024\\\/02\\\/Cartell-8M-Olocau-copia-3.jpg\",\"articleSection\":[\"Eventos\"],\"inLanguage\":\"val\",\"potentialAction\":[{\"@type\":\"CommentAction\",\"name\":\"Comment\",\"target\":[\"https:\\\/\\\/turisme.olocau.es\\\/ca\\\/olocau-commemora-el-8m-amb-cultura-historia-tallers-i-reivindicacio\\\/#respond\"]}]},{\"@type\":\"WebPage\",\"@id\":\"https:\\\/\\\/turisme.olocau.es\\\/ca\\\/olocau-commemora-el-8m-amb-cultura-historia-tallers-i-reivindicacio\\\/\",\"url\":\"https:\\\/\\\/turisme.olocau.es\\\/ca\\\/olocau-commemora-el-8m-amb-cultura-historia-tallers-i-reivindicacio\\\/\",\"name\":\"Olocau commemora el 8M amb cultura, hist\u00f2ria, tallers i reivindicaci\u00f3 - Turismo Olocau\",\"isPartOf\":{\"@id\":\"https:\\\/\\\/turisme.olocau.es\\\/ca\\\/#website\"},\"primaryImageOfPage\":{\"@id\":\"https:\\\/\\\/turisme.olocau.es\\\/ca\\\/olocau-commemora-el-8m-amb-cultura-historia-tallers-i-reivindicacio\\\/#primaryimage\"},\"image\":{\"@id\":\"https:\\\/\\\/turisme.olocau.es\\\/ca\\\/olocau-commemora-el-8m-amb-cultura-historia-tallers-i-reivindicacio\\\/#primaryimage\"},\"thumbnailUrl\":\"https:\\\/\\\/turisme.olocau.es\\\/wp-content\\\/uploads\\\/2024\\\/02\\\/Cartell-8M-Olocau-copia-3.jpg\",\"datePublished\":\"2024-02-16T12:49:47+00:00\",\"dateModified\":\"2024-02-16T12:58:37+00:00\",\"breadcrumb\":{\"@id\":\"https:\\\/\\\/turisme.olocau.es\\\/ca\\\/olocau-commemora-el-8m-amb-cultura-historia-tallers-i-reivindicacio\\\/#breadcrumb\"},\"inLanguage\":\"val\",\"potentialAction\":[{\"@type\":\"ReadAction\",\"target\":[\"https:\\\/\\\/turisme.olocau.es\\\/ca\\\/olocau-commemora-el-8m-amb-cultura-historia-tallers-i-reivindicacio\\\/\"]}]},{\"@type\":\"ImageObject\",\"inLanguage\":\"val\",\"@id\":\"https:\\\/\\\/turisme.olocau.es\\\/ca\\\/olocau-commemora-el-8m-amb-cultura-historia-tallers-i-reivindicacio\\\/#primaryimage\",\"url\":\"https:\\\/\\\/turisme.olocau.es\\\/wp-content\\\/uploads\\\/2024\\\/02\\\/Cartell-8M-Olocau-copia-3.jpg\",\"contentUrl\":\"https:\\\/\\\/turisme.olocau.es\\\/wp-content\\\/uploads\\\/2024\\\/02\\\/Cartell-8M-Olocau-copia-3.jpg\",\"width\":2479,\"height\":1729},{\"@type\":\"BreadcrumbList\",\"@id\":\"https:\\\/\\\/turisme.olocau.es\\\/ca\\\/olocau-commemora-el-8m-amb-cultura-historia-tallers-i-reivindicacio\\\/#breadcrumb\",\"itemListElement\":[{\"@type\":\"ListItem\",\"position\":1,\"name\":\"Portada\",\"item\":\"https:\\\/\\\/turisme.olocau.es\\\/ca\\\/\"},{\"@type\":\"ListItem\",\"position\":2,\"name\":\"Olocau commemora el 8M amb cultura, hist\u00f2ria, tallers i reivindicaci\u00f3\"}]},{\"@type\":\"WebSite\",\"@id\":\"https:\\\/\\\/turisme.olocau.es\\\/ca\\\/#website\",\"url\":\"https:\\\/\\\/turisme.olocau.es\\\/ca\\\/\",\"name\":\"Turismo Olocau\",\"description\":\"Visita Olocau\",\"publisher\":{\"@id\":\"https:\\\/\\\/turisme.olocau.es\\\/ca\\\/#organization\"},\"potentialAction\":[{\"@type\":\"SearchAction\",\"target\":{\"@type\":\"EntryPoint\",\"urlTemplate\":\"https:\\\/\\\/turisme.olocau.es\\\/ca\\\/?s={search_term_string}\"},\"query-input\":{\"@type\":\"PropertyValueSpecification\",\"valueRequired\":true,\"valueName\":\"search_term_string\"}}],\"inLanguage\":\"val\"},{\"@type\":\"Organization\",\"@id\":\"https:\\\/\\\/turisme.olocau.es\\\/ca\\\/#organization\",\"name\":\"Turismo Olocau\",\"url\":\"https:\\\/\\\/turisme.olocau.es\\\/ca\\\/\",\"logo\":{\"@type\":\"ImageObject\",\"inLanguage\":\"val\",\"@id\":\"https:\\\/\\\/turisme.olocau.es\\\/ca\\\/#\\\/schema\\\/logo\\\/image\\\/\",\"url\":\"https:\\\/\\\/turisme.olocau.es\\\/wp-content\\\/uploads\\\/2022\\\/07\\\/Logo-Olocau-turismo_color.png\",\"contentUrl\":\"https:\\\/\\\/turisme.olocau.es\\\/wp-content\\\/uploads\\\/2022\\\/07\\\/Logo-Olocau-turismo_color.png\",\"width\":300,\"height\":123,\"caption\":\"Turismo Olocau\"},\"image\":{\"@id\":\"https:\\\/\\\/turisme.olocau.es\\\/ca\\\/#\\\/schema\\\/logo\\\/image\\\/\"},\"sameAs\":[\"https:\\\/\\\/www.facebook.com\\\/Turisme-Olocau-110345021644060\",\"https:\\\/\\\/x.com\\\/turismeolocau\",\"https:\\\/\\\/www.instagram.com\\\/turismeolocau\\\/\"]},{\"@type\":\"Person\",\"@id\":\"https:\\\/\\\/turisme.olocau.es\\\/ca\\\/#\\\/schema\\\/person\\\/74aa3a5d6ca1824859c039181fa5a695\",\"name\":\"Olocau_2022_Turismo\",\"image\":{\"@type\":\"ImageObject\",\"inLanguage\":\"val\",\"@id\":\"https:\\\/\\\/secure.gravatar.com\\\/avatar\\\/d347f8803fcc2fc2f934c5cb1be1b80e1aa6577ea701698b346d5a14450e0e5a?s=96&d=mm&r=g\",\"url\":\"https:\\\/\\\/secure.gravatar.com\\\/avatar\\\/d347f8803fcc2fc2f934c5cb1be1b80e1aa6577ea701698b346d5a14450e0e5a?s=96&d=mm&r=g\",\"contentUrl\":\"https:\\\/\\\/secure.gravatar.com\\\/avatar\\\/d347f8803fcc2fc2f934c5cb1be1b80e1aa6577ea701698b346d5a14450e0e5a?s=96&d=mm&r=g\",\"caption\":\"Olocau_2022_Turismo\"},\"sameAs\":[\"https:\\\/\\\/turisme.olocau.es\"],\"url\":\"https:\\\/\\\/turisme.olocau.es\\\/ca\\\/author\\\/olocau_2022_turismo\\\/\"}]}<\/script>\n<!-- \/ Yoast SEO plugin. -->","yoast_head_json":{"title":"Olocau commemora el 8M amb cultura, hist\u00f2ria, tallers i reivindicaci\u00f3 - Turismo Olocau","robots":{"index":"index","follow":"follow","max-snippet":"max-snippet:-1","max-image-preview":"max-image-preview:large","max-video-preview":"max-video-preview:-1"},"canonical":"https:\/\/turisme.olocau.es\/ca\/olocau-commemora-el-8m-amb-cultura-historia-tallers-i-reivindicacio\/","og_locale":"en_US","og_type":"article","og_title":"Olocau commemora el 8M amb cultura, hist\u00f2ria, tallers i reivindicaci\u00f3 - Turismo Olocau","og_description":"Programa d'actes 8M a Olocau. El programa finalitzar\u00e0 el 13 d'abril","og_url":"https:\/\/turisme.olocau.es\/ca\/olocau-commemora-el-8m-amb-cultura-historia-tallers-i-reivindicacio\/","og_site_name":"Turismo Olocau","article_publisher":"https:\/\/www.facebook.com\/Turisme-Olocau-110345021644060","article_published_time":"2024-02-16T12:49:47+00:00","article_modified_time":"2024-02-16T12:58:37+00:00","og_image":[{"width":2479,"height":1729,"url":"https:\/\/turisme.olocau.es\/wp-content\/uploads\/2024\/02\/Cartell-8M-Olocau-copia-3.jpg","type":"image\/jpeg"}],"author":"Olocau_2022_Turismo","twitter_card":"summary_large_image","twitter_creator":"@turismeolocau","twitter_site":"@turismeolocau","twitter_misc":{"Written by":"Olocau_2022_Turismo","Est. reading time":"3 minutes"},"schema":{"@context":"https:\/\/schema.org","@graph":[{"@type":"Article","@id":"https:\/\/turisme.olocau.es\/ca\/olocau-commemora-el-8m-amb-cultura-historia-tallers-i-reivindicacio\/#article","isPartOf":{"@id":"https:\/\/turisme.olocau.es\/ca\/olocau-commemora-el-8m-amb-cultura-historia-tallers-i-reivindicacio\/"},"author":{"name":"Olocau_2022_Turismo","@id":"https:\/\/turisme.olocau.es\/ca\/#\/schema\/person\/74aa3a5d6ca1824859c039181fa5a695"},"headline":"Olocau commemora el 8M amb cultura, hist\u00f2ria, tallers i reivindicaci\u00f3","datePublished":"2024-02-16T12:49:47+00:00","dateModified":"2024-02-16T12:58:37+00:00","mainEntityOfPage":{"@id":"https:\/\/turisme.olocau.es\/ca\/olocau-commemora-el-8m-amb-cultura-historia-tallers-i-reivindicacio\/"},"wordCount":469,"commentCount":0,"publisher":{"@id":"https:\/\/turisme.olocau.es\/ca\/#organization"},"image":{"@id":"https:\/\/turisme.olocau.es\/ca\/olocau-commemora-el-8m-amb-cultura-historia-tallers-i-reivindicacio\/#primaryimage"},"thumbnailUrl":"https:\/\/turisme.olocau.es\/wp-content\/uploads\/2024\/02\/Cartell-8M-Olocau-copia-3.jpg","articleSection":["Eventos"],"inLanguage":"val","potentialAction":[{"@type":"CommentAction","name":"Comment","target":["https:\/\/turisme.olocau.es\/ca\/olocau-commemora-el-8m-amb-cultura-historia-tallers-i-reivindicacio\/#respond"]}]},{"@type":"WebPage","@id":"https:\/\/turisme.olocau.es\/ca\/olocau-commemora-el-8m-amb-cultura-historia-tallers-i-reivindicacio\/","url":"https:\/\/turisme.olocau.es\/ca\/olocau-commemora-el-8m-amb-cultura-historia-tallers-i-reivindicacio\/","name":"Olocau commemora el 8M amb cultura, hist\u00f2ria, tallers i reivindicaci\u00f3 - Turismo Olocau","isPartOf":{"@id":"https:\/\/turisme.olocau.es\/ca\/#website"},"primaryImageOfPage":{"@id":"https:\/\/turisme.olocau.es\/ca\/olocau-commemora-el-8m-amb-cultura-historia-tallers-i-reivindicacio\/#primaryimage"},"image":{"@id":"https:\/\/turisme.olocau.es\/ca\/olocau-commemora-el-8m-amb-cultura-historia-tallers-i-reivindicacio\/#primaryimage"},"thumbnailUrl":"https:\/\/turisme.olocau.es\/wp-content\/uploads\/2024\/02\/Cartell-8M-Olocau-copia-3.jpg","datePublished":"2024-02-16T12:49:47+00:00","dateModified":"2024-02-16T12:58:37+00:00","breadcrumb":{"@id":"https:\/\/turisme.olocau.es\/ca\/olocau-commemora-el-8m-amb-cultura-historia-tallers-i-reivindicacio\/#breadcrumb"},"inLanguage":"val","potentialAction":[{"@type":"ReadAction","target":["https:\/\/turisme.olocau.es\/ca\/olocau-commemora-el-8m-amb-cultura-historia-tallers-i-reivindicacio\/"]}]},{"@type":"ImageObject","inLanguage":"val","@id":"https:\/\/turisme.olocau.es\/ca\/olocau-commemora-el-8m-amb-cultura-historia-tallers-i-reivindicacio\/#primaryimage","url":"https:\/\/turisme.olocau.es\/wp-content\/uploads\/2024\/02\/Cartell-8M-Olocau-copia-3.jpg","contentUrl":"https:\/\/turisme.olocau.es\/wp-content\/uploads\/2024\/02\/Cartell-8M-Olocau-copia-3.jpg","width":2479,"height":1729},{"@type":"BreadcrumbList","@id":"https:\/\/turisme.olocau.es\/ca\/olocau-commemora-el-8m-amb-cultura-historia-tallers-i-reivindicacio\/#breadcrumb","itemListElement":[{"@type":"ListItem","position":1,"name":"Portada","item":"https:\/\/turisme.olocau.es\/ca\/"},{"@type":"ListItem","position":2,"name":"Olocau commemora el 8M amb cultura, hist\u00f2ria, tallers i reivindicaci\u00f3"}]},{"@type":"WebSite","@id":"https:\/\/turisme.olocau.es\/ca\/#website","url":"https:\/\/turisme.olocau.es\/ca\/","name":"Turismo Olocau","description":"Visita Olocau","publisher":{"@id":"https:\/\/turisme.olocau.es\/ca\/#organization"},"potentialAction":[{"@type":"SearchAction","target":{"@type":"EntryPoint","urlTemplate":"https:\/\/turisme.olocau.es\/ca\/?s={search_term_string}"},"query-input":{"@type":"PropertyValueSpecification","valueRequired":true,"valueName":"search_term_string"}}],"inLanguage":"val"},{"@type":"Organization","@id":"https:\/\/turisme.olocau.es\/ca\/#organization","name":"Turismo Olocau","url":"https:\/\/turisme.olocau.es\/ca\/","logo":{"@type":"ImageObject","inLanguage":"val","@id":"https:\/\/turisme.olocau.es\/ca\/#\/schema\/logo\/image\/","url":"https:\/\/turisme.olocau.es\/wp-content\/uploads\/2022\/07\/Logo-Olocau-turismo_color.png","contentUrl":"https:\/\/turisme.olocau.es\/wp-content\/uploads\/2022\/07\/Logo-Olocau-turismo_color.png","width":300,"height":123,"caption":"Turismo Olocau"},"image":{"@id":"https:\/\/turisme.olocau.es\/ca\/#\/schema\/logo\/image\/"},"sameAs":["https:\/\/www.facebook.com\/Turisme-Olocau-110345021644060","https:\/\/x.com\/turismeolocau","https:\/\/www.instagram.com\/turismeolocau\/"]},{"@type":"Person","@id":"https:\/\/turisme.olocau.es\/ca\/#\/schema\/person\/74aa3a5d6ca1824859c039181fa5a695","name":"Olocau_2022_Turismo","image":{"@type":"ImageObject","inLanguage":"val","@id":"https:\/\/secure.gravatar.com\/avatar\/d347f8803fcc2fc2f934c5cb1be1b80e1aa6577ea701698b346d5a14450e0e5a?s=96&d=mm&r=g","url":"https:\/\/secure.gravatar.com\/avatar\/d347f8803fcc2fc2f934c5cb1be1b80e1aa6577ea701698b346d5a14450e0e5a?s=96&d=mm&r=g","contentUrl":"https:\/\/secure.gravatar.com\/avatar\/d347f8803fcc2fc2f934c5cb1be1b80e1aa6577ea701698b346d5a14450e0e5a?s=96&d=mm&r=g","caption":"Olocau_2022_Turismo"},"sameAs":["https:\/\/turisme.olocau.es"],"url":"https:\/\/turisme.olocau.es\/ca\/author\/olocau_2022_turismo\/"}]}},"_wpml_word_count":"{\"total\":493,\"to_translate\":{\"en\":493,\"es\":493}}","_edit_lock":"1708088318:2","_thumbnail_id":"6374","_elementor_edit_mode":"builder","_elementor_template_type":"wp-post","_elementor_version":"3.17.3","_elementor_pro_version":"3.17.1","_wp_page_template":"default","_elementor_data":"[{\"id\":\"0a60155\",\"elType\":\"section\",\"settings\":[],\"elements\":[{\"id\":\"badb391\",\"elType\":\"column\",\"settings\":{\"_column_size\":100,\"_inline_size\":null},\"elements\":[{\"id\":\"c913f6c\",\"elType\":\"section\",\"settings\":{\"structure\":\"20\",\"margin\":{\"unit\":\"px\",\"top\":\"0\",\"right\":0,\"bottom\":\"10\",\"left\":0,\"isLinked\":false}},\"elements\":[{\"id\":\"37ae37f\",\"elType\":\"column\",\"settings\":{\"_column_size\":50,\"_inline_size\":16.865,\"padding\":{\"unit\":\"px\",\"top\":\"0\",\"right\":\"0\",\"bottom\":\"0\",\"left\":\"0\",\"isLinked\":true}},\"elements\":[{\"id\":\"fa37756\",\"elType\":\"widget\",\"settings\":{\"editor\":\"<p>DATA DE L'ESDEVEMIMENT:<\\\/p>\",\"typography_typography\":\"custom\",\"typography_font_family\":\"Montserrat\",\"typography_font_size\":{\"unit\":\"px\",\"size\":15,\"sizes\":[]},\"typography_font_weight\":\"600\"},\"elements\":[],\"widgetType\":\"text-editor\"}],\"isInner\":true},{\"id\":\"b9fe006\",\"elType\":\"column\",\"settings\":{\"_column_size\":50,\"_inline_size\":83.135,\"padding\":{\"unit\":\"px\",\"top\":\"0\",\"right\":\"0\",\"bottom\":\"0\",\"left\":\"0\",\"isLinked\":true}},\"elements\":[{\"id\":\"1593650\",\"elType\":\"widget\",\"settings\":{\"editor\":\"\",\"typography_typography\":\"custom\",\"typography_font_family\":\"Montserrat\",\"typography_font_size\":{\"unit\":\"px\",\"size\":15,\"sizes\":[]},\"typography_font_weight\":\"600\",\"__globals__\":{\"text_color\":\"\"},\"text_color\":\"#1F1D1D\"},\"elements\":[],\"widgetType\":\"text-editor\"}],\"isInner\":true}],\"isInner\":true},{\"id\":\"83a7e54\",\"elType\":\"widget\",\"settings\":{\"editor\":\"<p class=\\\"western\\\"><span style=\\\"color: #000000;\\\"><span style=\\\"font-family: Open Sans, Helvetica, Arial, sans-serif;\\\"><span style=\\\"font-size: medium;\\\">Olocau commemora el 8M amb cultura, hist\\u00f2ria, tallers i reivindicaci\\u00f3<\\\/span><\\\/span><\\\/span><\\\/p><p class=\\\"western\\\"><span style=\\\"font-family: inherit;\\\"><br \\\/><\\\/span><span style=\\\"color: #000000;\\\"><span style=\\\"font-family: Open Sans, Helvetica, Arial, sans-serif;\\\"><span style=\\\"font-size: medium;\\\">El programa d'actes finalitzar\\u00e0 el 13 d'abril<\\\/span><\\\/span><\\\/span><span style=\\\"font-family: inherit;\\\"><br \\\/><\\\/span><span style=\\\"color: #000000;\\\"><span style=\\\"font-family: Open Sans, Helvetica, Arial, sans-serif;\\\"><span style=\\\"font-size: medium;\\\">La commemoraci\\u00f3 del 8 de<\\\/span><\\\/span><\\\/span> <span style=\\\"color: #000000;\\\"><span style=\\\"font-family: Open Sans, Helvetica, Arial, sans-serif;\\\"><span style=\\\"font-size: medium;\\\">Mar\\u00e7<\\\/span><\\\/span><\\\/span><span style=\\\"color: #000000;\\\"><span style=\\\"font-family: Open Sans, Helvetica, Arial, sans-serif;\\\"><span style=\\\"font-size: medium;\\\">, Dia Internacional de la Dona, portar\\u00e0 a Olocau, un any m\\u00e9s, un conjunt d'actes i activitats per a conscienciar i sensibilitzar sobre la igualtat de g\\u00e8nere i la defensa dels drets de les dones.<\\\/span><\\\/span><\\\/span><span style=\\\"font-family: inherit;\\\"><br \\\/><\\\/span><span style=\\\"color: #000000;\\\"><span style=\\\"font-family: Open Sans, Helvetica, Arial, sans-serif;\\\"><span style=\\\"font-size: medium;\\\">El programa, elaborat per l'Ajuntament a trav\\u00e9s de la seua Regidoria d'Igualtat i Dona,<\\\/span><\\\/span><\\\/span> <span style=\\\"color: #000000;\\\"><span style=\\\"font-family: Open Sans, Helvetica, Arial, sans-serif;\\\"><span style=\\\"font-size: medium;\\\">ofereix<\\\/span><\\\/span><\\\/span> <span style=\\\"color: #000000;\\\"><span style=\\\"font-family: Open Sans, Helvetica, Arial, sans-serif;\\\"><span style=\\\"font-size: medium;\\\">una \\u00e0mplia varietat de propostes dirigides a tots els p\\u00fablics en les quals hi haur\\u00e0 espai per a la reflexi\\u00f3 i la reivindicaci\\u00f3. A m\\u00e9s, el seu cartell anunciador ha sigut realitzat per Iris<\\\/span><\\\/span><\\\/span> <span style=\\\"color: #000000;\\\"><span style=\\\"font-family: Open Sans, Helvetica, Arial, sans-serif;\\\"><span style=\\\"font-size: medium;\\\">Guinart<\\\/span><\\\/span><\\\/span> <span style=\\\"color: #000000;\\\"><span style=\\\"font-family: Open Sans, Helvetica, Arial, sans-serif;\\\"><span style=\\\"font-size: medium;\\\">Pastor, alumna de 5 Prim\\u00e0ria del<\\\/span><\\\/span><\\\/span> <span style=\\\"color: #000000;\\\"><span style=\\\"font-family: Open Sans, Helvetica, Arial, sans-serif;\\\"><span style=\\\"font-size: medium;\\\">CRA<\\\/span><\\\/span><\\\/span> <span style=\\\"color: #000000;\\\"><span style=\\\"font-family: Open Sans, Helvetica, Arial, sans-serif;\\\"><span style=\\\"font-size: medium;\\\">Alt Carraixet -<\\\/span><\\\/span><\\\/span><span style=\\\"color: #000000;\\\"><span style=\\\"font-family: Open Sans, Helvetica, Arial, sans-serif;\\\"><span style=\\\"font-size: medium;\\\">Col\\u00b7legi<\\\/span><\\\/span><\\\/span> <span style=\\\"color: #000000;\\\"><span style=\\\"font-family: Open Sans, Helvetica, Arial, sans-serif;\\\"><span style=\\\"font-size: medium;\\\">Mestre Ferran<\\\/span><\\\/span><\\\/span> <span style=\\\"color: #000000;\\\"><span style=\\\"font-family: Open Sans, Helvetica, Arial, sans-serif;\\\"><span style=\\\"font-size: medium;\\\">Zurriaga<\\\/span><\\\/span><\\\/span><span style=\\\"color: #000000;\\\"><span style=\\\"font-family: Open Sans, Helvetica, Arial, sans-serif;\\\"><span style=\\\"font-size: medium;\\\">; una obra que<\\\/span><\\\/span><\\\/span> <span style=\\\"color: #000000;\\\"><span style=\\\"font-family: Open Sans, Helvetica, Arial, sans-serif;\\\"><span style=\\\"font-size: medium;\\\">reflecteix<\\\/span><\\\/span><\\\/span> <span style=\\\"color: #000000;\\\"><span style=\\\"font-family: Open Sans, Helvetica, Arial, sans-serif;\\\"><span style=\\\"font-size: medium;\\\">l'esperit del 8M i que va resultar guanyadora del concurs realitzat pel centre educatiu.<\\\/span><\\\/span><\\\/span><span style=\\\"font-family: inherit;\\\"><br \\\/><\\\/span><span style=\\\"color: #000000;\\\"><span style=\\\"font-family: Open Sans, Helvetica, Arial, sans-serif;\\\"><span style=\\\"font-size: medium;\\\">Els primers actes tindran lloc els dies 24 i 28 de febrer amb dos originals tallers dedicats a la percussi\\u00f3 corporal i a les arts pl\\u00e0stiques enfocades al m\\u00f3n del cinema ('Dons de Cinema'), respectivament. Les persones interessades a participar en ells poden apuntar-se a l'Ajuntament i en el n\\u00famero 96 270 30 11.<\\\/span><\\\/span><\\\/span><span style=\\\"font-family: inherit;\\\"><br \\\/><\\\/span><span style=\\\"color: #000000;\\\"><span style=\\\"font-family: Open Sans, Helvetica, Arial, sans-serif;\\\"><span style=\\\"font-size: medium;\\\">Els seg\\u00fcents esdeveniments tindran un marcat car\\u00e0cter cultural, amb el mon\\u00f2leg de com\\u00e8dia 'La Mare Antisistema', de l'actriu Pilar<\\\/span><\\\/span><\\\/span> <span style=\\\"color: #000000;\\\"><span style=\\\"font-family: Open Sans, Helvetica, Arial, sans-serif;\\\"><span style=\\\"font-size: medium;\\\">Rochina<\\\/span><\\\/span><\\\/span><span style=\\\"color: #000000;\\\"><span style=\\\"font-family: Open Sans, Helvetica, Arial, sans-serif;\\\"><span style=\\\"font-size: medium;\\\">, el 2 de mar\\u00e7, i l'excursi\\u00f3 'Val\\u00e8ncia amb nom de dona' del dia 6; una jornada en la qual tamb\\u00e9 hi haur\\u00e0 temps per a anar a la<\\\/span><\\\/span><\\\/span> <span style=\\\"color: #000000;\\\"><span style=\\\"font-family: Open Sans, Helvetica, Arial, sans-serif;\\\"><span style=\\\"font-size: medium;\\\">masclet\\u00e0<\\\/span><\\\/span><\\\/span> <span style=\\\"color: #000000;\\\"><span style=\\\"font-family: Open Sans, Helvetica, Arial, sans-serif;\\\"><span style=\\\"font-size: medium;\\\">i quedar-se a menjar (inscripcions en el Consistori i telefonant al 96 270 30 11).<\\\/span><\\\/span><\\\/span><span style=\\\"font-family: inherit;\\\"><br \\\/><\\\/span><span style=\\\"color: #000000;\\\"><span style=\\\"font-family: Open Sans, Helvetica, Arial, sans-serif;\\\"><span style=\\\"font-size: medium;\\\">El 8 de mar\\u00e7, el Sal\\u00f3 de Plens acollir\\u00e0 l'Acte Institucional, que comptar\\u00e0 amb la lectura del manifest pel Dia Internacional de la Dona i, en finalitzar, un vi d'honor per als assistents. A la vesprada, s'oferir\\u00e0 la possibilitat d'assistir a la manifestaci\\u00f3 del 8M a Val\\u00e8ncia amb l'autob\\u00fas que partir\\u00e0 des de la parada de L<\\\/span><\\\/span><\\\/span><span style=\\\"color: #000000;\\\"><span style=\\\"font-family: Open Sans, Helvetica, Arial, sans-serif;\\\"><span style=\\\"font-size: medium;\\\">'<\\\/span><\\\/span><\\\/span><span style=\\\"color: #000000;\\\"><span style=\\\"font-family: Open Sans, Helvetica, Arial, sans-serif;\\\"><span style=\\\"font-size: medium;\\\">Arquet. Les inscripcions es podran realitzar igualment a l'Ajuntament i en el tel\\u00e8fon 96 270 30 11. Aix\\u00ed mateix, a les 18.00 hores, l'associaci\\u00f3 Mestresses de casa d'Olocau organitzar\\u00e0 un berenar a la Casa de la Cultura (per a apuntar-se, cal posar-se en contacte amb<\\\/span><\\\/span><\\\/span> <span style=\\\"color: #000000;\\\"><span style=\\\"font-family: Open Sans, Helvetica, Arial, sans-serif;\\\"><span style=\\\"font-size: medium;\\\">Horte<\\\/span><\\\/span><\\\/span><span style=\\\"color: #000000;\\\"><span style=\\\"font-family: Open Sans, Helvetica, Arial, sans-serif;\\\"><span style=\\\"font-size: medium;\\\">, Elena o<\\\/span><\\\/span><\\\/span> <span style=\\\"color: #000000;\\\"><span style=\\\"font-family: Open Sans, Helvetica, Arial, sans-serif;\\\"><span style=\\\"font-size: medium;\\\">Susana<\\\/span><\\\/span><\\\/span><span style=\\\"color: #000000;\\\"><span style=\\\"font-family: Open Sans, Helvetica, Arial, sans-serif;\\\"><span style=\\\"font-size: medium;\\\">).<\\\/span><\\\/span><\\\/span><span style=\\\"font-family: inherit;\\\"><br \\\/><\\\/span><span style=\\\"color: #000000;\\\"><span style=\\\"font-family: Open Sans, Helvetica, Arial, sans-serif;\\\"><span style=\\\"font-size: medium;\\\">La dansa cl\\u00e0ssica i contempor\\u00e0nia i la m\\u00fasica en directe s'uniran el 9 de mar\\u00e7 per la igualtat amb la representaci\\u00f3 de l'obra 'Hist\\u00f2ria d'una ballarina', un espectacle que emocionar\\u00e0 i entusiasmar\\u00e0<\\\/span><\\\/span><\\\/span> <span style=\\\"color: #000000;\\\"><span style=\\\"font-family: Open Sans, Helvetica, Arial, sans-serif;\\\"><span style=\\\"font-size: medium;\\\">el<\\\/span><\\\/span><\\\/span> <span style=\\\"color: #000000;\\\"><span style=\\\"font-family: Open Sans, Helvetica, Arial, sans-serif;\\\"><span style=\\\"font-size: medium;\\\">p\\u00fablic assistent.<\\\/span><\\\/span><\\\/span><span style=\\\"font-family: inherit;\\\"><br \\\/><\\\/span><span style=\\\"color: #000000;\\\"><span style=\\\"font-family: Open Sans, Helvetica, Arial, sans-serif;\\\"><span style=\\\"font-size: medium;\\\">I com a conclusi\\u00f3, el dissabte 13 d'abril hi haur\\u00e0 una pujada teatralitzada al Puntal dels Llops en la qual es narrar\\u00e0 com era la vida en la talaia a trav\\u00e9s de diversos personatges femenins.<\\\/span><\\\/span><\\\/span><\\\/p>\",\"_element_width\":\"initial\",\"_element_custom_width\":{\"unit\":\"%\",\"size\":90.099}},\"elements\":[],\"widgetType\":\"text-editor\"}],\"isInner\":false}],\"isInner\":false},{\"id\":\"99578d8\",\"elType\":\"section\",\"settings\":[],\"elements\":[{\"id\":\"1981136\",\"elType\":\"column\",\"settings\":{\"_column_size\":100,\"_inline_size\":null},\"elements\":[{\"id\":\"3305bd5\",\"elType\":\"widget\",\"settings\":{\"image\":{\"url\":\"https:\\\/\\\/turisme.olocau.es\\\/wp-content\\\/uploads\\\/2024\\\/02\\\/Cartell-8M-Olocau-scaled.jpg\",\"id\":6346,\"alt\":\"\",\"source\":\"library\",\"size\":\"\"}},\"elements\":[],\"widgetType\":\"image\"},{\"id\":\"ccfe276\",\"elType\":\"widget\",\"settings\":{\"image\":{\"url\":\"https:\\\/\\\/turisme.olocau.es\\\/wp-content\\\/uploads\\\/2024\\\/02\\\/428419993_778044377683145_3599938143936627542_n.jpg\",\"id\":6352,\"alt\":\"\",\"source\":\"library\",\"size\":\"\"}},\"elements\":[],\"widgetType\":\"image\"},{\"id\":\"6ef260d\",\"elType\":\"widget\",\"settings\":{\"image\":{\"url\":\"https:\\\/\\\/turisme.olocau.es\\\/wp-content\\\/uploads\\\/2024\\\/02\\\/428411978_778044367683146_48601899863686763_n.jpg\",\"id\":6355,\"alt\":\"\",\"source\":\"library\",\"size\":\"\"}},\"elements\":[],\"widgetType\":\"image\"},{\"id\":\"10dc4fa\",\"elType\":\"widget\",\"settings\":{\"image\":{\"url\":\"\",\"id\":\"\",\"alt\":\"\",\"source\":\"library\"}},\"elements\":[],\"widgetType\":\"image\"},{\"id\":\"df94e04\",\"elType\":\"widget\",\"settings\":{\"image\":{\"url\":\"\",\"id\":\"\",\"alt\":\"\",\"source\":\"library\"}},\"elements\":[],\"widgetType\":\"image\"},{\"id\":\"b987021\",\"elType\":\"widget\",\"settings\":{\"image\":{\"url\":\"\",\"id\":\"\",\"alt\":\"\",\"source\":\"library\"}},\"elements\":[],\"widgetType\":\"image\"},{\"id\":\"91ad8b7\",\"elType\":\"widget\",\"settings\":{\"image\":{\"url\":\"\",\"id\":\"\",\"alt\":\"\",\"source\":\"library\"}},\"elements\":[],\"widgetType\":\"image\"}],\"isInner\":false}],\"isInner\":false}]","_elementor_page_assets":{"scripts":["elementor-frontend"],"styles":["widget-image"]},"_elementor_controls_usage":{"text-editor":{"count":3,"control_percent":1,"controls":{"content":{"section_editor":{"editor":3}},"style":{"section_style":{"typography_typography":2,"typography_font_family":2,"typography_font_size":2,"typography_font_weight":2,"text_color":1}},"advanced":{"_section_style":{"_element_width":1,"_element_custom_width":1}}}},"column":{"count":4,"control_percent":0,"controls":{"layout":{"layout":{"_inline_size":4}},"advanced":{"section_advanced":{"padding":2}}}},"section":{"count":3,"control_percent":0,"controls":{"layout":{"section_structure":{"structure":1}},"advanced":{"section_advanced":{"margin":1}}}},"image":{"count":7,"control_percent":0,"controls":{"content":{"section_image":{"image":7}}}}},"_edit_last":"2","_yoast_wpseo_content_score":"30","_yoast_wpseo_estimated-reading-time-minutes":"3","_yoast_wpseo_wordproof_timestamp":"","_wp_old_slug":"actos-de-navidad","_wpml_media_featured":"1","_wpml_media_duplicate":"1","_cdp_origin":"6401","_cdp_origin_site":"-1","_cdp_origin_title":" Calendari d'assajos de les teatralitzacions de la Iberfesta #[Counter]","_cdp_counter":"2","_links":{"self":[{"href":"https:\/\/turisme.olocau.es\/ca\/wp-json\/wp\/v2\/posts\/6406","targetHints":{"allow":["GET"]}}],"collection":[{"href":"https:\/\/turisme.olocau.es\/ca\/wp-json\/wp\/v2\/posts"}],"about":[{"href":"https:\/\/turisme.olocau.es\/ca\/wp-json\/wp\/v2\/types\/post"}],"author":[{"embeddable":true,"href":"https:\/\/turisme.olocau.es\/ca\/wp-json\/wp\/v2\/users\/1"}],"replies":[{"embeddable":true,"href":"https:\/\/turisme.olocau.es\/ca\/wp-json\/wp\/v2\/comments?post=6406"}],"version-history":[{"count":3,"href":"https:\/\/turisme.olocau.es\/ca\/wp-json\/wp\/v2\/posts\/6406\/revisions"}],"predecessor-version":[{"id":6410,"href":"https:\/\/turisme.olocau.es\/ca\/wp-json\/wp\/v2\/posts\/6406\/revisions\/6410"}],"wp:featuredmedia":[{"embeddable":true,"href":"https:\/\/turisme.olocau.es\/ca\/wp-json\/wp\/v2\/media\/6374"}],"wp:attachment":[{"href":"https:\/\/turisme.olocau.es\/ca\/wp-json\/wp\/v2\/media?parent=6406"}],"curies":[{"name":"wp","href":"https:\/\/api.w.org\/{rel}","templated":true}]}}