{"id":14953,"date":"2026-09-03T11:04:18","date_gmt":"2026-09-03T11:04:18","guid":{"rendered":"https:\/\/turisme.olocau.es\/caricies-dun-paisatge-i-les-seues-textures\/"},"modified":"2026-09-03T11:11:39","modified_gmt":"2026-09-03T11:11:39","slug":"caricies-dun-paisatge-i-les-seues-textures","status":"publish","type":"post","link":"https:\/\/turisme.olocau.es\/ca\/caricies-dun-paisatge-i-les-seues-textures\/","title":{"rendered":"Car\u00edcies d&#8217;un paisatge i les seues textures"},"content":{"rendered":"\t\t<div data-elementor-type=\"wp-post\" data-elementor-id=\"14953\" class=\"elementor elementor-14953 elementor-14942\" data-elementor-post-type=\"post\">\n\t\t\t\t\t\t<section class=\"elementor-section elementor-top-section elementor-element elementor-element-0a60155 elementor-section-boxed elementor-section-height-default elementor-section-height-default\" data-id=\"0a60155\" data-element_type=\"section\" data-e-type=\"section\">\n\t\t\t\t\t\t<div class=\"elementor-container elementor-column-gap-default\">\n\t\t\t\t\t<div class=\"elementor-column elementor-col-100 elementor-top-column elementor-element elementor-element-badb391\" data-id=\"badb391\" data-element_type=\"column\" data-e-type=\"column\">\n\t\t\t<div class=\"elementor-widget-wrap elementor-element-populated\">\n\t\t\t\t\t\t<section class=\"elementor-section elementor-inner-section elementor-element elementor-element-c913f6c elementor-section-boxed elementor-section-height-default elementor-section-height-default\" data-id=\"c913f6c\" data-element_type=\"section\" data-e-type=\"section\">\n\t\t\t\t\t\t<div class=\"elementor-container elementor-column-gap-default\">\n\t\t\t\t\t<div class=\"elementor-column elementor-col-50 elementor-inner-column elementor-element elementor-element-37ae37f\" data-id=\"37ae37f\" data-element_type=\"column\" data-e-type=\"column\">\n\t\t\t<div class=\"elementor-widget-wrap elementor-element-populated\">\n\t\t\t\t\t\t<div class=\"elementor-element elementor-element-fa37756 elementor-widget__width-initial elementor-widget elementor-widget-text-editor\" data-id=\"fa37756\" data-element_type=\"widget\" data-e-type=\"widget\" data-widget_type=\"text-editor.default\">\n\t\t\t\t<div class=\"elementor-widget-container\">\n\t\t\t\t\t\t\t\t\t<p>DATA DE L&#8217;ESDEVENIMENT:<\/p>\t\t\t\t\t\t\t\t<\/div>\n\t\t\t\t<\/div>\n\t\t\t\t\t<\/div>\n\t\t<\/div>\n\t\t\t\t<div class=\"elementor-column elementor-col-50 elementor-inner-column elementor-element elementor-element-b9fe006\" data-id=\"b9fe006\" data-element_type=\"column\" data-e-type=\"column\">\n\t\t\t<div class=\"elementor-widget-wrap elementor-element-populated\">\n\t\t\t\t\t\t<div class=\"elementor-element elementor-element-1593650 elementor-widget__width-initial elementor-widget elementor-widget-text-editor\" data-id=\"1593650\" data-element_type=\"widget\" data-e-type=\"widget\" data-widget_type=\"text-editor.default\">\n\t\t\t\t<div class=\"elementor-widget-container\">\n\t\t\t\t\t\t\t\t\t<div data-olk-copy-source=\"MessageBody\"><div data-olk-copy-source=\"MessageBody\"><span data-olk-copy-source=\"MessageBody\">Divendres 11 de septembre, a les 19:30 h, en la sala de l&#8217;Aljub de la Torre de Pardines<\/span><\/div><\/div>\t\t\t\t\t\t\t\t<\/div>\n\t\t\t\t<\/div>\n\t\t\t\t\t<\/div>\n\t\t<\/div>\n\t\t\t\t\t<\/div>\n\t\t<\/section>\n\t\t\t\t<div class=\"elementor-element elementor-element-e3d89a9 elementor-widget elementor-widget-text-editor\" data-id=\"e3d89a9\" data-element_type=\"widget\" data-e-type=\"widget\" data-widget_type=\"text-editor.default\">\n\t\t\t\t<div class=\"elementor-widget-container\">\n\t\t\t\t\t\t\t\t\t<div data-olk-copy-source=\"MessageBody\"><div data-olk-copy-source=\"MessageBody\"><div data-olk-copy-source=\"MessageBody\"><div data-olk-copy-source=\"MessageBody\"><div class=\"x_x_elementToProof\"><div class=\"x_elementToProof\" data-olk-copy-source=\"MessageBody\"><div class=\"x_elementToProof\"><div class=\"x_elementToProof\"><span data-olk-copy-source=\"MessageBody\">E<\/span>xposici\u00f3 de gravat \u2018Car\u00edcies d&#8217;un paisatge i les seues textures\u2019, de Mar\u00eda Jos\u00e9 Grau. Una mostra en la qual l&#8217;autora expressa la seua passi\u00f3 pel gravat i el seu inter\u00e9s pels moviments art\u00edstics i culturals mitjan\u00e7ant un estil modernista barrejat amb tra\u00e7os impressionistes. En les seues obres, plasma una intensitat molt particular, amb t\u00e8cniques com el collagraf i el metalprint, extraient els m\u00e0xims efectes en relleu, provocant unes textures amb el m\u00e0xim volum, i transmetent nost\u00e0lgia i evocaci\u00f3 de paisatges que formen part de la seua vida.<\/div><div class=\"x_elementToProof\">\u00a0<\/div><div class=\"x_elementToProof\">Llicenciada en Belles Arts a Val\u00e8ncia, Mar\u00eda Jos\u00e9 Grau es va formar abans a l&#8217;Escola d&#8217;Arts Aplicades i Oficis Art\u00edstics de Val\u00e8ncia, es va especialitzar m\u00e9s tard en pintura i va ampliar estudis posteriorment sobre el gravat, t\u00e8cnica que va acabar centrant la seua carrera art\u00edstica. En l&#8217;actualitat, es dedica professionalment al m\u00f3n de l&#8217;ensenyan\u00e7a impartint classes de dibuix en diversos instituts de la Comunitat Valenciana.<\/div><div class=\"x_elementToProof\">\u00a0<\/div><div class=\"x_elementToProof\">La inauguraci\u00f3 tindr\u00e0 lloc el divendres 11 de setembre, a les 19:30 h, a la sala de l&#8217;Aljub de la Torre de Pardines, i es podr\u00e0 visitar fins al 17 d&#8217;octubre, de dimecres a diumenge, en horari de 9 a 15 h (consultar pr\u00e8viament en el tel\u00e8fon 672 794 404).<\/div><\/div><\/div><\/div><\/div><\/div><\/div><\/div>\t\t\t\t\t\t\t\t<\/div>\n\t\t\t\t<\/div>\n\t\t\t\t\t<\/div>\n\t\t<\/div>\n\t\t\t\t\t<\/div>\n\t\t<\/section>\n\t\t\t\t<section class=\"elementor-section elementor-top-section elementor-element elementor-element-ad4f682 elementor-section-boxed elementor-section-height-default elementor-section-height-default\" data-id=\"ad4f682\" data-element_type=\"section\" data-e-type=\"section\">\n\t\t\t\t\t\t<div class=\"elementor-container elementor-column-gap-default\">\n\t\t\t\t\t<div class=\"elementor-column elementor-col-100 elementor-top-column elementor-element elementor-element-9625158\" data-id=\"9625158\" data-element_type=\"column\" data-e-type=\"column\">\n\t\t\t<div class=\"elementor-widget-wrap elementor-element-populated\">\n\t\t\t\t\t\t<div class=\"elementor-element elementor-element-84f4e1d elementor-widget elementor-widget-image\" data-id=\"84f4e1d\" data-element_type=\"widget\" data-e-type=\"widget\" data-widget_type=\"image.default\">\n\t\t\t\t<div class=\"elementor-widget-container\">\n\t\t\t\t\t\t\t\t\t\t\t\t\t\t\t<img decoding=\"async\" src=\"https:\/\/turisme.olocau.es\/wp-content\/uploads\/elementor\/thumbs\/Cartell-exposicio-de-gravat-Maria-Jose-Grau-Olocau-1-rsuwscscpmepcxjdail60d6s4uoekgyucqcf5qztvk.jpg\" title=\"Cartell exposici\u00f3 de gravat Mar\u00eda Jos\u00e9 Grau Olocau\" alt=\"Cartell exposici\u00f3 de gravat Mar\u00eda Jos\u00e9 Grau Olocau\" loading=\"lazy\" \/>\t\t\t\t\t\t\t\t\t\t\t\t\t\t\t<\/div>\n\t\t\t\t<\/div>\n\t\t\t\t\t<\/div>\n\t\t<\/div>\n\t\t\t\t\t<\/div>\n\t\t<\/section>\n\t\t\t\t<\/div>\n\t\t","protected":false},"excerpt":{"rendered":"<p>17 de setembre a les 19:30 h.<\/p>\n","protected":false},"author":2,"featured_media":14945,"comment_status":"closed","ping_status":"open","sticky":false,"template":"","format":"standard","meta":{"om_disable_all_campaigns":false,"_monsterinsights_skip_tracking":false,"_monsterinsights_sitenote_active":false,"_monsterinsights_sitenote_note":"","_monsterinsights_sitenote_category":0,"_uf_show_specific_survey":0,"_uf_disable_surveys":false,"footnotes":""},"class_list":["post-14953","post","type-post","status-publish","format-standard","has-post-thumbnail","hentry","category-eventos-ca","tag-caricies-dun-paisatge-i-les-seues-textures"],"yoast_head":"<!-- This site is optimized with the Yoast SEO plugin v28.4 - https:\/\/yoast.com\/product\/yoast-seo-wordpress\/ -->\n<title>Car\u00edcies d&#039;un paisatge i les seues textures - Turismo Olocau<\/title>\n<meta name=\"robots\" content=\"index, follow, max-snippet:-1, max-image-preview:large, max-video-preview:-1\" \/>\n<link rel=\"canonical\" href=\"https:\/\/turisme.olocau.es\/ca\/caricies-dun-paisatge-i-les-seues-textures\/\" \/>\n<meta property=\"og:locale\" content=\"en_US\" \/>\n<meta property=\"og:type\" content=\"article\" \/>\n<meta property=\"og:title\" content=\"Car\u00edcies d&#039;un paisatge i les seues textures - Turismo Olocau\" \/>\n<meta property=\"og:description\" content=\"17 de setembre a les 19:30 h.\" \/>\n<meta property=\"og:url\" content=\"https:\/\/turisme.olocau.es\/ca\/caricies-dun-paisatge-i-les-seues-textures\/\" \/>\n<meta property=\"og:site_name\" content=\"Turismo Olocau\" \/>\n<meta property=\"article:publisher\" content=\"https:\/\/www.facebook.com\/Turisme-Olocau-110345021644060\" \/>\n<meta property=\"article:published_time\" content=\"2026-09-03T11:04:18+00:00\" \/>\n<meta property=\"article:modified_time\" content=\"2026-09-03T11:11:39+00:00\" \/>\n<meta property=\"og:image\" content=\"https:\/\/turisme.olocau.es\/wp-content\/uploads\/2026\/09\/Cartell-exposicio-de-gravat-Maria-Jose-Grau-Olocau-e1788433133893.jpg\" \/>\n\t<meta property=\"og:image:width\" content=\"1414\" \/>\n\t<meta property=\"og:image:height\" content=\"2000\" \/>\n\t<meta property=\"og:image:type\" content=\"image\/jpeg\" \/>\n<meta name=\"author\" content=\"Turismo-Olocau\" \/>\n<meta name=\"twitter:card\" content=\"summary_large_image\" \/>\n<meta name=\"twitter:creator\" content=\"@turismeolocau\" \/>\n<meta name=\"twitter:site\" content=\"@turismeolocau\" \/>\n<meta name=\"twitter:label1\" content=\"Written by\" \/>\n\t<meta name=\"twitter:data1\" content=\"Turismo-Olocau\" \/>\n\t<meta name=\"twitter:label2\" content=\"Est. reading time\" \/>\n\t<meta name=\"twitter:data2\" content=\"2 minutes\" \/>\n<script type=\"application\/ld+json\" class=\"yoast-schema-graph\">{\"@context\":\"https:\\\/\\\/schema.org\",\"@graph\":[{\"@type\":\"Article\",\"@id\":\"https:\\\/\\\/turisme.olocau.es\\\/ca\\\/caricies-dun-paisatge-i-les-seues-textures\\\/#article\",\"isPartOf\":{\"@id\":\"https:\\\/\\\/turisme.olocau.es\\\/ca\\\/caricies-dun-paisatge-i-les-seues-textures\\\/\"},\"author\":{\"name\":\"Turismo-Olocau\",\"@id\":\"https:\\\/\\\/turisme.olocau.es\\\/ca\\\/#\\\/schema\\\/person\\\/fcd88087213846e1eb87eb573fd29a6a\"},\"headline\":\"Car\u00edcies d&#8217;un paisatge i les seues textures\",\"datePublished\":\"2026-09-03T11:04:18+00:00\",\"dateModified\":\"2026-09-03T11:11:39+00:00\",\"mainEntityOfPage\":{\"@id\":\"https:\\\/\\\/turisme.olocau.es\\\/ca\\\/caricies-dun-paisatge-i-les-seues-textures\\\/\"},\"wordCount\":253,\"publisher\":{\"@id\":\"https:\\\/\\\/turisme.olocau.es\\\/ca\\\/#organization\"},\"image\":{\"@id\":\"https:\\\/\\\/turisme.olocau.es\\\/ca\\\/caricies-dun-paisatge-i-les-seues-textures\\\/#primaryimage\"},\"thumbnailUrl\":\"https:\\\/\\\/turisme.olocau.es\\\/wp-content\\\/uploads\\\/2026\\\/09\\\/Cartell-exposicio-de-gravat-Maria-Jose-Grau-Olocau-e1788433133893.jpg\",\"keywords\":[\"Car\u00edcies d'un paisatge i les seues textures\"],\"articleSection\":[\"Eventos\"],\"inLanguage\":\"val\"},{\"@type\":\"WebPage\",\"@id\":\"https:\\\/\\\/turisme.olocau.es\\\/ca\\\/caricies-dun-paisatge-i-les-seues-textures\\\/\",\"url\":\"https:\\\/\\\/turisme.olocau.es\\\/ca\\\/caricies-dun-paisatge-i-les-seues-textures\\\/\",\"name\":\"Car\u00edcies d'un paisatge i les seues textures - Turismo Olocau\",\"isPartOf\":{\"@id\":\"https:\\\/\\\/turisme.olocau.es\\\/ca\\\/#website\"},\"primaryImageOfPage\":{\"@id\":\"https:\\\/\\\/turisme.olocau.es\\\/ca\\\/caricies-dun-paisatge-i-les-seues-textures\\\/#primaryimage\"},\"image\":{\"@id\":\"https:\\\/\\\/turisme.olocau.es\\\/ca\\\/caricies-dun-paisatge-i-les-seues-textures\\\/#primaryimage\"},\"thumbnailUrl\":\"https:\\\/\\\/turisme.olocau.es\\\/wp-content\\\/uploads\\\/2026\\\/09\\\/Cartell-exposicio-de-gravat-Maria-Jose-Grau-Olocau-e1788433133893.jpg\",\"datePublished\":\"2026-09-03T11:04:18+00:00\",\"dateModified\":\"2026-09-03T11:11:39+00:00\",\"breadcrumb\":{\"@id\":\"https:\\\/\\\/turisme.olocau.es\\\/ca\\\/caricies-dun-paisatge-i-les-seues-textures\\\/#breadcrumb\"},\"inLanguage\":\"val\",\"potentialAction\":[{\"@type\":\"ReadAction\",\"target\":[\"https:\\\/\\\/turisme.olocau.es\\\/ca\\\/caricies-dun-paisatge-i-les-seues-textures\\\/\"]}]},{\"@type\":\"ImageObject\",\"inLanguage\":\"val\",\"@id\":\"https:\\\/\\\/turisme.olocau.es\\\/ca\\\/caricies-dun-paisatge-i-les-seues-textures\\\/#primaryimage\",\"url\":\"https:\\\/\\\/turisme.olocau.es\\\/wp-content\\\/uploads\\\/2026\\\/09\\\/Cartell-exposicio-de-gravat-Maria-Jose-Grau-Olocau-e1788433133893.jpg\",\"contentUrl\":\"https:\\\/\\\/turisme.olocau.es\\\/wp-content\\\/uploads\\\/2026\\\/09\\\/Cartell-exposicio-de-gravat-Maria-Jose-Grau-Olocau-e1788433133893.jpg\",\"width\":1414,\"height\":2000},{\"@type\":\"BreadcrumbList\",\"@id\":\"https:\\\/\\\/turisme.olocau.es\\\/ca\\\/caricies-dun-paisatge-i-les-seues-textures\\\/#breadcrumb\",\"itemListElement\":[{\"@type\":\"ListItem\",\"position\":1,\"name\":\"Portada\",\"item\":\"https:\\\/\\\/turisme.olocau.es\\\/ca\\\/\"},{\"@type\":\"ListItem\",\"position\":2,\"name\":\"Car\u00edcies d&#8217;un paisatge i les seues textures\"}]},{\"@type\":\"WebSite\",\"@id\":\"https:\\\/\\\/turisme.olocau.es\\\/ca\\\/#website\",\"url\":\"https:\\\/\\\/turisme.olocau.es\\\/ca\\\/\",\"name\":\"Turismo Olocau\",\"description\":\"Visita Olocau\",\"publisher\":{\"@id\":\"https:\\\/\\\/turisme.olocau.es\\\/ca\\\/#organization\"},\"potentialAction\":[{\"@type\":\"SearchAction\",\"target\":{\"@type\":\"EntryPoint\",\"urlTemplate\":\"https:\\\/\\\/turisme.olocau.es\\\/ca\\\/?s={search_term_string}\"},\"query-input\":{\"@type\":\"PropertyValueSpecification\",\"valueRequired\":true,\"valueName\":\"search_term_string\"}}],\"inLanguage\":\"val\"},{\"@type\":\"Organization\",\"@id\":\"https:\\\/\\\/turisme.olocau.es\\\/ca\\\/#organization\",\"name\":\"Turismo Olocau\",\"url\":\"https:\\\/\\\/turisme.olocau.es\\\/ca\\\/\",\"logo\":{\"@type\":\"ImageObject\",\"inLanguage\":\"val\",\"@id\":\"https:\\\/\\\/turisme.olocau.es\\\/ca\\\/#\\\/schema\\\/logo\\\/image\\\/\",\"url\":\"https:\\\/\\\/turisme.olocau.es\\\/wp-content\\\/uploads\\\/2022\\\/07\\\/Logo-Olocau-turismo_color.png\",\"contentUrl\":\"https:\\\/\\\/turisme.olocau.es\\\/wp-content\\\/uploads\\\/2022\\\/07\\\/Logo-Olocau-turismo_color.png\",\"width\":300,\"height\":123,\"caption\":\"Turismo Olocau\"},\"image\":{\"@id\":\"https:\\\/\\\/turisme.olocau.es\\\/ca\\\/#\\\/schema\\\/logo\\\/image\\\/\"},\"sameAs\":[\"https:\\\/\\\/www.facebook.com\\\/Turisme-Olocau-110345021644060\",\"https:\\\/\\\/x.com\\\/turismeolocau\",\"https:\\\/\\\/www.instagram.com\\\/turismeolocau\\\/\"]},{\"@type\":\"Person\",\"@id\":\"https:\\\/\\\/turisme.olocau.es\\\/ca\\\/#\\\/schema\\\/person\\\/fcd88087213846e1eb87eb573fd29a6a\",\"name\":\"Turismo-Olocau\",\"image\":{\"@type\":\"ImageObject\",\"inLanguage\":\"val\",\"@id\":\"https:\\\/\\\/secure.gravatar.com\\\/avatar\\\/7875a6075f0b83e0505d4162d1c90fd9fa0a65f87d4df3dc64c422d3e8f2c465?s=96&d=mm&r=g\",\"url\":\"https:\\\/\\\/secure.gravatar.com\\\/avatar\\\/7875a6075f0b83e0505d4162d1c90fd9fa0a65f87d4df3dc64c422d3e8f2c465?s=96&d=mm&r=g\",\"contentUrl\":\"https:\\\/\\\/secure.gravatar.com\\\/avatar\\\/7875a6075f0b83e0505d4162d1c90fd9fa0a65f87d4df3dc64c422d3e8f2c465?s=96&d=mm&r=g\",\"caption\":\"Turismo-Olocau\"},\"url\":\"https:\\\/\\\/turisme.olocau.es\\\/ca\\\/author\\\/turismo-olocau\\\/\"}]}<\/script>\n<!-- \/ Yoast SEO plugin. -->","yoast_head_json":{"title":"Car\u00edcies d'un paisatge i les seues textures - Turismo Olocau","robots":{"index":"index","follow":"follow","max-snippet":"max-snippet:-1","max-image-preview":"max-image-preview:large","max-video-preview":"max-video-preview:-1"},"canonical":"https:\/\/turisme.olocau.es\/ca\/caricies-dun-paisatge-i-les-seues-textures\/","og_locale":"en_US","og_type":"article","og_title":"Car\u00edcies d'un paisatge i les seues textures - Turismo Olocau","og_description":"17 de setembre a les 19:30 h.","og_url":"https:\/\/turisme.olocau.es\/ca\/caricies-dun-paisatge-i-les-seues-textures\/","og_site_name":"Turismo Olocau","article_publisher":"https:\/\/www.facebook.com\/Turisme-Olocau-110345021644060","article_published_time":"2026-09-03T11:04:18+00:00","article_modified_time":"2026-09-03T11:11:39+00:00","og_image":[{"width":1414,"height":2000,"url":"https:\/\/turisme.olocau.es\/wp-content\/uploads\/2026\/09\/Cartell-exposicio-de-gravat-Maria-Jose-Grau-Olocau-e1788433133893.jpg","type":"image\/jpeg"}],"author":"Turismo-Olocau","twitter_card":"summary_large_image","twitter_creator":"@turismeolocau","twitter_site":"@turismeolocau","twitter_misc":{"Written by":"Turismo-Olocau","Est. reading time":"2 minutes"},"schema":{"@context":"https:\/\/schema.org","@graph":[{"@type":"Article","@id":"https:\/\/turisme.olocau.es\/ca\/caricies-dun-paisatge-i-les-seues-textures\/#article","isPartOf":{"@id":"https:\/\/turisme.olocau.es\/ca\/caricies-dun-paisatge-i-les-seues-textures\/"},"author":{"name":"Turismo-Olocau","@id":"https:\/\/turisme.olocau.es\/ca\/#\/schema\/person\/fcd88087213846e1eb87eb573fd29a6a"},"headline":"Car\u00edcies d&#8217;un paisatge i les seues textures","datePublished":"2026-09-03T11:04:18+00:00","dateModified":"2026-09-03T11:11:39+00:00","mainEntityOfPage":{"@id":"https:\/\/turisme.olocau.es\/ca\/caricies-dun-paisatge-i-les-seues-textures\/"},"wordCount":253,"publisher":{"@id":"https:\/\/turisme.olocau.es\/ca\/#organization"},"image":{"@id":"https:\/\/turisme.olocau.es\/ca\/caricies-dun-paisatge-i-les-seues-textures\/#primaryimage"},"thumbnailUrl":"https:\/\/turisme.olocau.es\/wp-content\/uploads\/2026\/09\/Cartell-exposicio-de-gravat-Maria-Jose-Grau-Olocau-e1788433133893.jpg","keywords":["Car\u00edcies d'un paisatge i les seues textures"],"articleSection":["Eventos"],"inLanguage":"val"},{"@type":"WebPage","@id":"https:\/\/turisme.olocau.es\/ca\/caricies-dun-paisatge-i-les-seues-textures\/","url":"https:\/\/turisme.olocau.es\/ca\/caricies-dun-paisatge-i-les-seues-textures\/","name":"Car\u00edcies d'un paisatge i les seues textures - Turismo Olocau","isPartOf":{"@id":"https:\/\/turisme.olocau.es\/ca\/#website"},"primaryImageOfPage":{"@id":"https:\/\/turisme.olocau.es\/ca\/caricies-dun-paisatge-i-les-seues-textures\/#primaryimage"},"image":{"@id":"https:\/\/turisme.olocau.es\/ca\/caricies-dun-paisatge-i-les-seues-textures\/#primaryimage"},"thumbnailUrl":"https:\/\/turisme.olocau.es\/wp-content\/uploads\/2026\/09\/Cartell-exposicio-de-gravat-Maria-Jose-Grau-Olocau-e1788433133893.jpg","datePublished":"2026-09-03T11:04:18+00:00","dateModified":"2026-09-03T11:11:39+00:00","breadcrumb":{"@id":"https:\/\/turisme.olocau.es\/ca\/caricies-dun-paisatge-i-les-seues-textures\/#breadcrumb"},"inLanguage":"val","potentialAction":[{"@type":"ReadAction","target":["https:\/\/turisme.olocau.es\/ca\/caricies-dun-paisatge-i-les-seues-textures\/"]}]},{"@type":"ImageObject","inLanguage":"val","@id":"https:\/\/turisme.olocau.es\/ca\/caricies-dun-paisatge-i-les-seues-textures\/#primaryimage","url":"https:\/\/turisme.olocau.es\/wp-content\/uploads\/2026\/09\/Cartell-exposicio-de-gravat-Maria-Jose-Grau-Olocau-e1788433133893.jpg","contentUrl":"https:\/\/turisme.olocau.es\/wp-content\/uploads\/2026\/09\/Cartell-exposicio-de-gravat-Maria-Jose-Grau-Olocau-e1788433133893.jpg","width":1414,"height":2000},{"@type":"BreadcrumbList","@id":"https:\/\/turisme.olocau.es\/ca\/caricies-dun-paisatge-i-les-seues-textures\/#breadcrumb","itemListElement":[{"@type":"ListItem","position":1,"name":"Portada","item":"https:\/\/turisme.olocau.es\/ca\/"},{"@type":"ListItem","position":2,"name":"Car\u00edcies d&#8217;un paisatge i les seues textures"}]},{"@type":"WebSite","@id":"https:\/\/turisme.olocau.es\/ca\/#website","url":"https:\/\/turisme.olocau.es\/ca\/","name":"Turismo Olocau","description":"Visita Olocau","publisher":{"@id":"https:\/\/turisme.olocau.es\/ca\/#organization"},"potentialAction":[{"@type":"SearchAction","target":{"@type":"EntryPoint","urlTemplate":"https:\/\/turisme.olocau.es\/ca\/?s={search_term_string}"},"query-input":{"@type":"PropertyValueSpecification","valueRequired":true,"valueName":"search_term_string"}}],"inLanguage":"val"},{"@type":"Organization","@id":"https:\/\/turisme.olocau.es\/ca\/#organization","name":"Turismo Olocau","url":"https:\/\/turisme.olocau.es\/ca\/","logo":{"@type":"ImageObject","inLanguage":"val","@id":"https:\/\/turisme.olocau.es\/ca\/#\/schema\/logo\/image\/","url":"https:\/\/turisme.olocau.es\/wp-content\/uploads\/2022\/07\/Logo-Olocau-turismo_color.png","contentUrl":"https:\/\/turisme.olocau.es\/wp-content\/uploads\/2022\/07\/Logo-Olocau-turismo_color.png","width":300,"height":123,"caption":"Turismo Olocau"},"image":{"@id":"https:\/\/turisme.olocau.es\/ca\/#\/schema\/logo\/image\/"},"sameAs":["https:\/\/www.facebook.com\/Turisme-Olocau-110345021644060","https:\/\/x.com\/turismeolocau","https:\/\/www.instagram.com\/turismeolocau\/"]},{"@type":"Person","@id":"https:\/\/turisme.olocau.es\/ca\/#\/schema\/person\/fcd88087213846e1eb87eb573fd29a6a","name":"Turismo-Olocau","image":{"@type":"ImageObject","inLanguage":"val","@id":"https:\/\/secure.gravatar.com\/avatar\/7875a6075f0b83e0505d4162d1c90fd9fa0a65f87d4df3dc64c422d3e8f2c465?s=96&d=mm&r=g","url":"https:\/\/secure.gravatar.com\/avatar\/7875a6075f0b83e0505d4162d1c90fd9fa0a65f87d4df3dc64c422d3e8f2c465?s=96&d=mm&r=g","contentUrl":"https:\/\/secure.gravatar.com\/avatar\/7875a6075f0b83e0505d4162d1c90fd9fa0a65f87d4df3dc64c422d3e8f2c465?s=96&d=mm&r=g","caption":"Turismo-Olocau"},"url":"https:\/\/turisme.olocau.es\/ca\/author\/turismo-olocau\/"}]}},"_wpml_word_count":"237","_edit_lock":"1788434045:2","_thumbnail_id":"14945","_elementor_edit_mode":"builder","_elementor_template_type":"wp-post","_elementor_version":"4.2.4","_elementor_pro_version":"3.26.3","_wp_page_template":"default","_elementor_data":"[{\"id\":\"0a60155\",\"elType\":\"section\",\"settings\":[],\"elements\":[{\"id\":\"badb391\",\"elType\":\"column\",\"settings\":{\"_column_size\":100,\"_inline_size\":null},\"elements\":[{\"id\":\"c913f6c\",\"elType\":\"section\",\"settings\":{\"structure\":\"20\",\"margin\":{\"unit\":\"px\",\"top\":\"0\",\"right\":0,\"bottom\":\"10\",\"left\":0,\"isLinked\":false}},\"elements\":[{\"id\":\"37ae37f\",\"elType\":\"column\",\"settings\":{\"_column_size\":50,\"_inline_size\":20.851,\"padding\":{\"unit\":\"px\",\"top\":\"0\",\"right\":\"0\",\"bottom\":\"0\",\"left\":\"0\",\"isLinked\":true}},\"elements\":[{\"id\":\"fa37756\",\"elType\":\"widget\",\"settings\":{\"editor\":\"<p>DATA DE L'ESDEVENIMENT:<\\\/p>\",\"typography_typography\":\"custom\",\"typography_font_family\":\"Montserrat\",\"typography_font_size\":{\"unit\":\"px\",\"size\":15,\"sizes\":[]},\"typography_font_weight\":\"600\",\"_element_width\":\"initial\",\"_element_custom_width\":{\"unit\":\"%\",\"size\":98.247}},\"elements\":[],\"widgetType\":\"text-editor\"}],\"isInner\":true},{\"id\":\"b9fe006\",\"elType\":\"column\",\"settings\":{\"_column_size\":50,\"_inline_size\":79.149,\"padding\":{\"unit\":\"px\",\"top\":\"0\",\"right\":\"0\",\"bottom\":\"0\",\"left\":\"0\",\"isLinked\":true}},\"elements\":[{\"id\":\"1593650\",\"elType\":\"widget\",\"settings\":{\"editor\":\"<div data-olk-copy-source=\\\"MessageBody\\\"><div data-olk-copy-source=\\\"MessageBody\\\"><span data-olk-copy-source=\\\"MessageBody\\\">Divendres 11 de septembre, a les 19:30 h, en la sala de l'Aljub de la Torre de Pardines<\\\/span><\\\/div><\\\/div>\",\"typography_typography\":\"custom\",\"typography_font_family\":\"Montserrat\",\"typography_font_size\":{\"unit\":\"px\",\"size\":15,\"sizes\":[]},\"typography_font_weight\":\"600\",\"__globals__\":{\"text_color\":\"globals\\\/colors?id=primary\"},\"_element_width\":\"initial\",\"_element_custom_width\":{\"unit\":\"%\",\"size\":100.282}},\"elements\":[],\"widgetType\":\"text-editor\"}],\"isInner\":true}],\"isInner\":true},{\"id\":\"e3d89a9\",\"elType\":\"widget\",\"settings\":{\"editor\":\"<div data-olk-copy-source=\\\"MessageBody\\\"><div data-olk-copy-source=\\\"MessageBody\\\"><div data-olk-copy-source=\\\"MessageBody\\\"><div data-olk-copy-source=\\\"MessageBody\\\"><div class=\\\"x_x_elementToProof\\\"><div class=\\\"x_elementToProof\\\" data-olk-copy-source=\\\"MessageBody\\\"><div class=\\\"x_elementToProof\\\"><div class=\\\"x_elementToProof\\\"><span data-olk-copy-source=\\\"MessageBody\\\">E<\\\/span>xposici\\u00f3 de gravat \\u2018Car\\u00edcies d'un paisatge i les seues textures\\u2019, de Mar\\u00eda Jos\\u00e9 Grau. Una mostra en la qual l'autora expressa la seua passi\\u00f3 pel gravat i el seu inter\\u00e9s pels moviments art\\u00edstics i culturals mitjan\\u00e7ant un estil modernista barrejat amb tra\\u00e7os impressionistes. En les seues obres, plasma una intensitat molt particular, amb t\\u00e8cniques com el collagraf i el metalprint, extraient els m\\u00e0xims efectes en relleu, provocant unes textures amb el m\\u00e0xim volum, i transmetent nost\\u00e0lgia i evocaci\\u00f3 de paisatges que formen part de la seua vida.<\\\/div><div class=\\\"x_elementToProof\\\">\\u00a0<\\\/div><div class=\\\"x_elementToProof\\\">Llicenciada en Belles Arts a Val\\u00e8ncia, Mar\\u00eda Jos\\u00e9 Grau es va formar abans a l'Escola d'Arts Aplicades i Oficis Art\\u00edstics de Val\\u00e8ncia, es va especialitzar m\\u00e9s tard en pintura i va ampliar estudis posteriorment sobre el gravat, t\\u00e8cnica que va acabar centrant la seua carrera art\\u00edstica. En l'actualitat, es dedica professionalment al m\\u00f3n de l'ensenyan\\u00e7a impartint classes de dibuix en diversos instituts de la Comunitat Valenciana.<\\\/div><div class=\\\"x_elementToProof\\\">\\u00a0<\\\/div><div class=\\\"x_elementToProof\\\">La inauguraci\\u00f3 tindr\\u00e0 lloc el divendres 11 de setembre, a les 19:30 h, a la sala de l'Aljub de la Torre de Pardines, i es podr\\u00e0 visitar fins al 17 d'octubre, de dimecres a diumenge, en horari de 9 a 15 h (consultar pr\\u00e8viament en el tel\\u00e8fon 672 794 404).<\\\/div><\\\/div><\\\/div><\\\/div><\\\/div><\\\/div><\\\/div><\\\/div>\"},\"elements\":[],\"widgetType\":\"text-editor\"}],\"isInner\":false}],\"isInner\":false},{\"id\":\"ad4f682\",\"elType\":\"section\",\"settings\":[],\"elements\":[{\"id\":\"9625158\",\"elType\":\"column\",\"settings\":{\"_column_size\":100,\"_inline_size\":null},\"elements\":[{\"id\":\"84f4e1d\",\"elType\":\"widget\",\"settings\":{\"image\":{\"url\":\"https:\\\/\\\/turisme.olocau.es\\\/wp-content\\\/uploads\\\/2026\\\/09\\\/Cartell-exposicio-de-gravat-Maria-Jose-Grau-Olocau-1.jpg\",\"id\":14948,\"size\":\"\",\"alt\":\"\",\"source\":\"library\"},\"image_size\":\"custom\",\"image_custom_dimension\":{\"width\":\"\",\"height\":\"600\"},\"caption\":\"\"},\"elements\":[],\"widgetType\":\"image\"}],\"isInner\":false}],\"isInner\":false}]","_elementor_page_assets":{"scripts":["elementor-frontend"],"styles":["widget-image"]},"_elementor_controls_usage":{"text-editor":{"count":3,"control_percent":0,"controls":{"content":{"section_editor":{"editor":3}},"style":{"section_style":{"typography_typography":2,"typography_font_family":2,"typography_font_size":2,"typography_font_weight":2}},"advanced":{"_section_style":{"_element_width":2,"_element_custom_width":2}}}},"column":{"count":4,"control_percent":0,"controls":{"layout":{"layout":{"_inline_size":4}},"advanced":{"section_advanced":{"padding":2}}}},"section":{"count":3,"control_percent":0,"controls":{"layout":{"section_structure":{"structure":1}},"advanced":{"section_advanced":{"margin":1}}}},"image":{"count":1,"control_percent":1,"controls":{"content":{"section_image":{"image":1,"image_size":1,"image_custom_dimension":1}}}}},"_edit_last":"","_yoast_wpseo_content_score":"60","_yoast_wpseo_estimated-reading-time-minutes":"2","_yoast_wpseo_wordproof_timestamp":"","_wp_old_slug":"","_wpml_media_featured":"","_wpml_media_duplicate":"","_cdp_origin":"","_cdp_origin_site":"","_cdp_origin_title":"","_cdp_counter":"","_links":{"self":[{"href":"https:\/\/turisme.olocau.es\/ca\/wp-json\/wp\/v2\/posts\/14953","targetHints":{"allow":["GET"]}}],"collection":[{"href":"https:\/\/turisme.olocau.es\/ca\/wp-json\/wp\/v2\/posts"}],"about":[{"href":"https:\/\/turisme.olocau.es\/ca\/wp-json\/wp\/v2\/types\/post"}],"author":[{"embeddable":true,"href":"https:\/\/turisme.olocau.es\/ca\/wp-json\/wp\/v2\/users\/2"}],"replies":[{"embeddable":true,"href":"https:\/\/turisme.olocau.es\/ca\/wp-json\/wp\/v2\/comments?post=14953"}],"version-history":[{"count":7,"href":"https:\/\/turisme.olocau.es\/ca\/wp-json\/wp\/v2\/posts\/14953\/revisions"}],"predecessor-version":[{"id":14960,"href":"https:\/\/turisme.olocau.es\/ca\/wp-json\/wp\/v2\/posts\/14953\/revisions\/14960"}],"wp:featuredmedia":[{"embeddable":true,"href":"https:\/\/turisme.olocau.es\/ca\/wp-json\/wp\/v2\/media\/14945"}],"wp:attachment":[{"href":"https:\/\/turisme.olocau.es\/ca\/wp-json\/wp\/v2\/media?parent=14953"}],"curies":[{"name":"wp","href":"https:\/\/api.w.org\/{rel}","templated":true}]}}