{"id":10975,"date":"2025-04-24T07:42:47","date_gmt":"2025-04-24T07:42:47","guid":{"rendered":"https:\/\/turisme.olocau.es\/iberfesta-olocau-2025\/"},"modified":"2025-05-15T13:02:48","modified_gmt":"2025-05-15T13:02:48","slug":"iberfesta-olocau-2025","status":"publish","type":"post","link":"https:\/\/turisme.olocau.es\/ca\/iberfesta-olocau-2025\/","title":{"rendered":"Iberfesta Olocau 2025"},"content":{"rendered":"\t\t<div data-elementor-type=\"wp-post\" data-elementor-id=\"10975\" class=\"elementor elementor-10975 elementor-10965\" data-elementor-post-type=\"post\">\n\t\t\t\t\t\t<section class=\"elementor-section elementor-top-section elementor-element elementor-element-0a60155 elementor-section-boxed elementor-section-height-default elementor-section-height-default\" data-id=\"0a60155\" data-element_type=\"section\" data-e-type=\"section\">\n\t\t\t\t\t\t<div class=\"elementor-container elementor-column-gap-default\">\n\t\t\t\t\t<div class=\"elementor-column elementor-col-100 elementor-top-column elementor-element elementor-element-badb391\" data-id=\"badb391\" data-element_type=\"column\" data-e-type=\"column\">\n\t\t\t<div class=\"elementor-widget-wrap elementor-element-populated\">\n\t\t\t\t\t\t<section class=\"elementor-section elementor-inner-section elementor-element elementor-element-c913f6c elementor-section-boxed elementor-section-height-default elementor-section-height-default\" data-id=\"c913f6c\" data-element_type=\"section\" data-e-type=\"section\">\n\t\t\t\t\t\t<div class=\"elementor-container elementor-column-gap-default\">\n\t\t\t\t\t<div class=\"elementor-column elementor-col-50 elementor-inner-column elementor-element elementor-element-37ae37f\" data-id=\"37ae37f\" data-element_type=\"column\" data-e-type=\"column\">\n\t\t\t<div class=\"elementor-widget-wrap elementor-element-populated\">\n\t\t\t\t\t\t<div class=\"elementor-element elementor-element-fa37756 elementor-widget elementor-widget-text-editor\" data-id=\"fa37756\" data-element_type=\"widget\" data-e-type=\"widget\" data-widget_type=\"text-editor.default\">\n\t\t\t\t<div class=\"elementor-widget-container\">\n\t\t\t\t\t\t\t\t\t<p>DATA DE L&#8217;ESDEVENIMENT<\/p>\n\t\t\t\t\t\t\t\t<\/div>\n\t\t\t\t<\/div>\n\t\t\t\t\t<\/div>\n\t\t<\/div>\n\t\t\t\t<div class=\"elementor-column elementor-col-50 elementor-inner-column elementor-element elementor-element-b9fe006\" data-id=\"b9fe006\" data-element_type=\"column\" data-e-type=\"column\">\n\t\t\t<div class=\"elementor-widget-wrap elementor-element-populated\">\n\t\t\t\t\t\t<div class=\"elementor-element elementor-element-1593650 elementor-widget elementor-widget-text-editor\" data-id=\"1593650\" data-element_type=\"widget\" data-e-type=\"widget\" data-widget_type=\"text-editor.default\">\n\t\t\t\t<div class=\"elementor-widget-container\">\n\t\t\t\t\t\t\t\t\t<p>6, 7 i 8 de juny de 2025<\/p>\n\t\t\t\t\t\t\t\t<\/div>\n\t\t\t\t<\/div>\n\t\t\t\t\t<\/div>\n\t\t<\/div>\n\t\t\t\t\t<\/div>\n\t\t<\/section>\n\t\t\t\t<div class=\"elementor-element elementor-element-83a7e54 elementor-widget elementor-widget-text-editor\" data-id=\"83a7e54\" data-element_type=\"widget\" data-e-type=\"widget\" data-widget_type=\"text-editor.default\">\n\t\t\t\t<div class=\"elementor-widget-container\">\n\t\t\t\t\t\t\t\t\t<div><h4 dir=\"auto\">La Iberfesta d&#8217;Olocau arriba, un any m\u00e9s, amb propostes per a gaudir de la cultura ibera durant els dies 6, 7 i 8 de juny.<\/h4><div>\u00a0<\/div><\/div><div><div dir=\"auto\">Els pr\u00f2xims dies 6, 7 i 8 de juny, Olocau viatjar\u00e0 una vegada m\u00e9s a l&#8217;\u00e8poca ibera per a gaudir d&#8217;una nova edici\u00f3 de la Iberfesta. L&#8217;esdeveniment, organitzat per l&#8217;Ajuntament i el <a href=\"https:\/\/mupreva.org\/home\/?q=va\">Museu de Prehist\u00f2ria de Val\u00e8ncia (MUPREVA)<\/a>, torna amb molts actes en el qual la diversi\u00f3 i la recreaci\u00f3 hist\u00f2rica s&#8217;uniran per a oferir un cap de setmana \u00fanic.<\/div><div dir=\"auto\">\u00a0<\/div><\/div><div><div dir=\"auto\">La Iberfesta \u00e9s una celebraci\u00f3 que est\u00e0 pensada perqu\u00e8 tots i totes gaudim d&#8217;un cap de setmana molt especial en el qual recordarem el nostre passat i les nostres arrels a trav\u00e9s de teatralitzacions, jocs, visites guiades al Puntal dels Llops i on podrem con\u00e9ixer m\u00e9s municipis de la Ruta dels Ibers, aix\u00ed com gaudir de la fira artesanal organitzada per<a href=\"https:\/\/www.amata.es\/Inicio_amata.php\">\u00a0Amata.<\/a><\/div><div dir=\"auto\">\u00a0<\/div><div dir=\"auto\">\u00a1Vos esperem!<\/div><\/div>\t\t\t\t\t\t\t\t<\/div>\n\t\t\t\t<\/div>\n\t\t\t\t\t<\/div>\n\t\t<\/div>\n\t\t\t\t\t<\/div>\n\t\t<\/section>\n\t\t\t\t<section class=\"elementor-section elementor-top-section elementor-element elementor-element-ffff240 elementor-section-boxed elementor-section-height-default elementor-section-height-default\" data-id=\"ffff240\" data-element_type=\"section\" data-e-type=\"section\">\n\t\t\t\t\t\t<div class=\"elementor-container elementor-column-gap-default\">\n\t\t\t\t\t<div class=\"elementor-column elementor-col-100 elementor-top-column elementor-element elementor-element-280f133\" data-id=\"280f133\" data-element_type=\"column\" data-e-type=\"column\">\n\t\t\t<div class=\"elementor-widget-wrap elementor-element-populated\">\n\t\t\t\t\t\t<div class=\"elementor-element elementor-element-2b2eac6 elementor-widget elementor-widget-image\" data-id=\"2b2eac6\" data-element_type=\"widget\" data-e-type=\"widget\" data-widget_type=\"image.default\">\n\t\t\t\t<div class=\"elementor-widget-container\">\n\t\t\t\t\t\t\t\t\t\t\t\t\t\t\t<img decoding=\"async\" src=\"https:\/\/turisme.olocau.es\/wp-content\/uploads\/elementor\/thumbs\/Iberfesta_1_6-r4tjiophqba8frv83wp0w1sw9syrpcjg955meoy5fk.jpg\" title=\"Iberfesta_1_6\" alt=\"Iberfesta_1_6\" loading=\"lazy\" \/>\t\t\t\t\t\t\t\t\t\t\t\t\t\t\t<\/div>\n\t\t\t\t<\/div>\n\t\t\t\t\t<\/div>\n\t\t<\/div>\n\t\t\t\t\t<\/div>\n\t\t<\/section>\n\t\t\t\t<section class=\"elementor-section elementor-top-section elementor-element elementor-element-e9ebdfd elementor-section-boxed elementor-section-height-default elementor-section-height-default\" data-id=\"e9ebdfd\" data-element_type=\"section\" data-e-type=\"section\">\n\t\t\t\t\t\t<div class=\"elementor-container elementor-column-gap-default\">\n\t\t\t\t\t<div class=\"elementor-column elementor-col-100 elementor-top-column elementor-element elementor-element-4608c6f\" data-id=\"4608c6f\" data-element_type=\"column\" data-e-type=\"column\">\n\t\t\t<div class=\"elementor-widget-wrap elementor-element-populated\">\n\t\t\t\t\t\t<div class=\"elementor-element elementor-element-fa44661 elementor-align-center elementor-widget elementor-widget-button\" data-id=\"fa44661\" data-element_type=\"widget\" data-e-type=\"widget\" data-widget_type=\"button.default\">\n\t\t\t\t<div class=\"elementor-widget-container\">\n\t\t\t\t\t\t\t\t\t<div class=\"elementor-button-wrapper\">\n\t\t\t\t\t<a class=\"elementor-button elementor-button-link elementor-size-sm\" href=\"https:\/\/turisme.olocau.es\/wp-content\/uploads\/2025\/05\/Programa-Iberfesta-2025_3_v_compressed.pdf\">\n\t\t\t\t\t\t<span class=\"elementor-button-content-wrapper\">\n\t\t\t\t\t\t\t\t\t<span class=\"elementor-button-text\">Programa Iberfesta Olocau 2025<\/span>\n\t\t\t\t\t<\/span>\n\t\t\t\t\t<\/a>\n\t\t\t\t<\/div>\n\t\t\t\t\t\t\t\t<\/div>\n\t\t\t\t<\/div>\n\t\t\t\t\t<\/div>\n\t\t<\/div>\n\t\t\t\t\t<\/div>\n\t\t<\/section>\n\t\t\t\t<\/div>\n\t\t","protected":false},"excerpt":{"rendered":"<p>DATA DE L&#8217;ESDEVENIMENT 6, 7 i 8 de juny de 2025 La Iberfesta d&#8217;Olocau arriba, un any m\u00e9s, amb propostes per a gaudir de la cultura ibera durant els dies 6, 7 i 8 de juny. \u00a0Els pr\u00f2xims dies 6, 7 i 8 de juny, Olocau viatjar\u00e0 una vegada m\u00e9s a l&#8217;\u00e8poca ibera per a [&hellip;]<\/p>\n","protected":false},"author":1,"featured_media":10967,"comment_status":"open","ping_status":"open","sticky":false,"template":"","format":"standard","meta":{"om_disable_all_campaigns":false,"_monsterinsights_skip_tracking":false,"_monsterinsights_sitenote_active":false,"_monsterinsights_sitenote_note":"","_monsterinsights_sitenote_category":0,"_uf_show_specific_survey":0,"_uf_disable_surveys":false,"footnotes":""},"class_list":["post-10975","post","type-post","status-publish","format-standard","has-post-thumbnail","hentry","category-eventos"],"yoast_head":"<!-- This site is optimized with the Yoast SEO plugin v27.4 - https:\/\/yoast.com\/product\/yoast-seo-wordpress\/ -->\n<title>Iberfesta Olocau 2025 - Turismo Olocau<\/title>\n<meta name=\"description\" content=\"Cartell de l&#039;edici\u00f3 de 2025 de la Iberfesta Olocau. Els dies 6, 7 i 8 de juny no us perdeu les recreacions hist\u00f2riques!\" \/>\n<meta name=\"robots\" content=\"index, follow, max-snippet:-1, max-image-preview:large, max-video-preview:-1\" \/>\n<link rel=\"canonical\" href=\"https:\/\/turisme.olocau.es\/ca\/iberfesta-olocau-2025\/\" \/>\n<meta property=\"og:locale\" content=\"en_US\" \/>\n<meta property=\"og:type\" content=\"article\" \/>\n<meta property=\"og:title\" content=\"Iberfesta Olocau 2025 - Turismo Olocau\" \/>\n<meta property=\"og:description\" content=\"Cartell de l&#039;edici\u00f3 de 2025 de la Iberfesta Olocau. Els dies 6, 7 i 8 de juny no us perdeu les recreacions hist\u00f2riques!\" \/>\n<meta property=\"og:url\" content=\"https:\/\/turisme.olocau.es\/ca\/iberfesta-olocau-2025\/\" \/>\n<meta property=\"og:site_name\" content=\"Turismo Olocau\" \/>\n<meta property=\"article:publisher\" content=\"https:\/\/www.facebook.com\/Turisme-Olocau-110345021644060\" \/>\n<meta property=\"article:published_time\" content=\"2025-04-24T07:42:47+00:00\" \/>\n<meta property=\"article:modified_time\" content=\"2025-05-15T13:02:48+00:00\" \/>\n<meta property=\"og:image\" content=\"https:\/\/turisme.olocau.es\/wp-content\/uploads\/2025\/04\/Diseno-sin-titulo-4.png\" \/>\n\t<meta property=\"og:image:width\" content=\"1080\" \/>\n\t<meta property=\"og:image:height\" content=\"1080\" \/>\n\t<meta property=\"og:image:type\" content=\"image\/png\" \/>\n<meta name=\"author\" content=\"Olocau_2022_Turismo\" \/>\n<meta name=\"twitter:card\" content=\"summary_large_image\" \/>\n<meta name=\"twitter:creator\" content=\"@turismeolocau\" \/>\n<meta name=\"twitter:site\" content=\"@turismeolocau\" \/>\n<meta name=\"twitter:label1\" content=\"Written by\" \/>\n\t<meta name=\"twitter:data1\" content=\"Olocau_2022_Turismo\" \/>\n\t<meta name=\"twitter:label2\" content=\"Est. reading time\" \/>\n\t<meta name=\"twitter:data2\" content=\"2 minutes\" \/>\n<script type=\"application\/ld+json\" class=\"yoast-schema-graph\">{\"@context\":\"https:\\\/\\\/schema.org\",\"@graph\":[{\"@type\":\"Article\",\"@id\":\"https:\\\/\\\/turisme.olocau.es\\\/ca\\\/iberfesta-olocau-2025\\\/#article\",\"isPartOf\":{\"@id\":\"https:\\\/\\\/turisme.olocau.es\\\/ca\\\/iberfesta-olocau-2025\\\/\"},\"author\":{\"name\":\"Olocau_2022_Turismo\",\"@id\":\"https:\\\/\\\/turisme.olocau.es\\\/ca\\\/#\\\/schema\\\/person\\\/74aa3a5d6ca1824859c039181fa5a695\"},\"headline\":\"Iberfesta Olocau 2025\",\"datePublished\":\"2025-04-24T07:42:47+00:00\",\"dateModified\":\"2025-05-15T13:02:48+00:00\",\"mainEntityOfPage\":{\"@id\":\"https:\\\/\\\/turisme.olocau.es\\\/ca\\\/iberfesta-olocau-2025\\\/\"},\"wordCount\":172,\"commentCount\":0,\"publisher\":{\"@id\":\"https:\\\/\\\/turisme.olocau.es\\\/ca\\\/#organization\"},\"image\":{\"@id\":\"https:\\\/\\\/turisme.olocau.es\\\/ca\\\/iberfesta-olocau-2025\\\/#primaryimage\"},\"thumbnailUrl\":\"https:\\\/\\\/turisme.olocau.es\\\/wp-content\\\/uploads\\\/2025\\\/04\\\/Diseno-sin-titulo-4.png\",\"articleSection\":[\"Eventos\"],\"inLanguage\":\"val\",\"potentialAction\":[{\"@type\":\"CommentAction\",\"name\":\"Comment\",\"target\":[\"https:\\\/\\\/turisme.olocau.es\\\/ca\\\/iberfesta-olocau-2025\\\/#respond\"]}]},{\"@type\":\"WebPage\",\"@id\":\"https:\\\/\\\/turisme.olocau.es\\\/ca\\\/iberfesta-olocau-2025\\\/\",\"url\":\"https:\\\/\\\/turisme.olocau.es\\\/ca\\\/iberfesta-olocau-2025\\\/\",\"name\":\"Iberfesta Olocau 2025 - Turismo Olocau\",\"isPartOf\":{\"@id\":\"https:\\\/\\\/turisme.olocau.es\\\/ca\\\/#website\"},\"primaryImageOfPage\":{\"@id\":\"https:\\\/\\\/turisme.olocau.es\\\/ca\\\/iberfesta-olocau-2025\\\/#primaryimage\"},\"image\":{\"@id\":\"https:\\\/\\\/turisme.olocau.es\\\/ca\\\/iberfesta-olocau-2025\\\/#primaryimage\"},\"thumbnailUrl\":\"https:\\\/\\\/turisme.olocau.es\\\/wp-content\\\/uploads\\\/2025\\\/04\\\/Diseno-sin-titulo-4.png\",\"datePublished\":\"2025-04-24T07:42:47+00:00\",\"dateModified\":\"2025-05-15T13:02:48+00:00\",\"description\":\"Cartell de l'edici\u00f3 de 2025 de la Iberfesta Olocau. Els dies 6, 7 i 8 de juny no us perdeu les recreacions hist\u00f2riques!\",\"breadcrumb\":{\"@id\":\"https:\\\/\\\/turisme.olocau.es\\\/ca\\\/iberfesta-olocau-2025\\\/#breadcrumb\"},\"inLanguage\":\"val\",\"potentialAction\":[{\"@type\":\"ReadAction\",\"target\":[\"https:\\\/\\\/turisme.olocau.es\\\/ca\\\/iberfesta-olocau-2025\\\/\"]}]},{\"@type\":\"ImageObject\",\"inLanguage\":\"val\",\"@id\":\"https:\\\/\\\/turisme.olocau.es\\\/ca\\\/iberfesta-olocau-2025\\\/#primaryimage\",\"url\":\"https:\\\/\\\/turisme.olocau.es\\\/wp-content\\\/uploads\\\/2025\\\/04\\\/Diseno-sin-titulo-4.png\",\"contentUrl\":\"https:\\\/\\\/turisme.olocau.es\\\/wp-content\\\/uploads\\\/2025\\\/04\\\/Diseno-sin-titulo-4.png\",\"width\":1080,\"height\":1080},{\"@type\":\"BreadcrumbList\",\"@id\":\"https:\\\/\\\/turisme.olocau.es\\\/ca\\\/iberfesta-olocau-2025\\\/#breadcrumb\",\"itemListElement\":[{\"@type\":\"ListItem\",\"position\":1,\"name\":\"Portada\",\"item\":\"https:\\\/\\\/turisme.olocau.es\\\/ca\\\/\"},{\"@type\":\"ListItem\",\"position\":2,\"name\":\"Iberfesta Olocau 2025\"}]},{\"@type\":\"WebSite\",\"@id\":\"https:\\\/\\\/turisme.olocau.es\\\/ca\\\/#website\",\"url\":\"https:\\\/\\\/turisme.olocau.es\\\/ca\\\/\",\"name\":\"Turismo Olocau\",\"description\":\"Visita Olocau\",\"publisher\":{\"@id\":\"https:\\\/\\\/turisme.olocau.es\\\/ca\\\/#organization\"},\"potentialAction\":[{\"@type\":\"SearchAction\",\"target\":{\"@type\":\"EntryPoint\",\"urlTemplate\":\"https:\\\/\\\/turisme.olocau.es\\\/ca\\\/?s={search_term_string}\"},\"query-input\":{\"@type\":\"PropertyValueSpecification\",\"valueRequired\":true,\"valueName\":\"search_term_string\"}}],\"inLanguage\":\"val\"},{\"@type\":\"Organization\",\"@id\":\"https:\\\/\\\/turisme.olocau.es\\\/ca\\\/#organization\",\"name\":\"Turismo Olocau\",\"url\":\"https:\\\/\\\/turisme.olocau.es\\\/ca\\\/\",\"logo\":{\"@type\":\"ImageObject\",\"inLanguage\":\"val\",\"@id\":\"https:\\\/\\\/turisme.olocau.es\\\/ca\\\/#\\\/schema\\\/logo\\\/image\\\/\",\"url\":\"https:\\\/\\\/turisme.olocau.es\\\/wp-content\\\/uploads\\\/2022\\\/07\\\/Logo-Olocau-turismo_color.png\",\"contentUrl\":\"https:\\\/\\\/turisme.olocau.es\\\/wp-content\\\/uploads\\\/2022\\\/07\\\/Logo-Olocau-turismo_color.png\",\"width\":300,\"height\":123,\"caption\":\"Turismo Olocau\"},\"image\":{\"@id\":\"https:\\\/\\\/turisme.olocau.es\\\/ca\\\/#\\\/schema\\\/logo\\\/image\\\/\"},\"sameAs\":[\"https:\\\/\\\/www.facebook.com\\\/Turisme-Olocau-110345021644060\",\"https:\\\/\\\/x.com\\\/turismeolocau\",\"https:\\\/\\\/www.instagram.com\\\/turismeolocau\\\/\"]},{\"@type\":\"Person\",\"@id\":\"https:\\\/\\\/turisme.olocau.es\\\/ca\\\/#\\\/schema\\\/person\\\/74aa3a5d6ca1824859c039181fa5a695\",\"name\":\"Olocau_2022_Turismo\",\"image\":{\"@type\":\"ImageObject\",\"inLanguage\":\"val\",\"@id\":\"https:\\\/\\\/secure.gravatar.com\\\/avatar\\\/d347f8803fcc2fc2f934c5cb1be1b80e1aa6577ea701698b346d5a14450e0e5a?s=96&d=mm&r=g\",\"url\":\"https:\\\/\\\/secure.gravatar.com\\\/avatar\\\/d347f8803fcc2fc2f934c5cb1be1b80e1aa6577ea701698b346d5a14450e0e5a?s=96&d=mm&r=g\",\"contentUrl\":\"https:\\\/\\\/secure.gravatar.com\\\/avatar\\\/d347f8803fcc2fc2f934c5cb1be1b80e1aa6577ea701698b346d5a14450e0e5a?s=96&d=mm&r=g\",\"caption\":\"Olocau_2022_Turismo\"},\"sameAs\":[\"https:\\\/\\\/turisme.olocau.es\"],\"url\":\"https:\\\/\\\/turisme.olocau.es\\\/ca\\\/author\\\/olocau_2022_turismo\\\/\"}]}<\/script>\n<!-- \/ Yoast SEO plugin. -->","yoast_head_json":{"title":"Iberfesta Olocau 2025 - Turismo Olocau","description":"Cartell de l'edici\u00f3 de 2025 de la Iberfesta Olocau. Els dies 6, 7 i 8 de juny no us perdeu les recreacions hist\u00f2riques!","robots":{"index":"index","follow":"follow","max-snippet":"max-snippet:-1","max-image-preview":"max-image-preview:large","max-video-preview":"max-video-preview:-1"},"canonical":"https:\/\/turisme.olocau.es\/ca\/iberfesta-olocau-2025\/","og_locale":"en_US","og_type":"article","og_title":"Iberfesta Olocau 2025 - Turismo Olocau","og_description":"Cartell de l'edici\u00f3 de 2025 de la Iberfesta Olocau. Els dies 6, 7 i 8 de juny no us perdeu les recreacions hist\u00f2riques!","og_url":"https:\/\/turisme.olocau.es\/ca\/iberfesta-olocau-2025\/","og_site_name":"Turismo Olocau","article_publisher":"https:\/\/www.facebook.com\/Turisme-Olocau-110345021644060","article_published_time":"2025-04-24T07:42:47+00:00","article_modified_time":"2025-05-15T13:02:48+00:00","og_image":[{"width":1080,"height":1080,"url":"https:\/\/turisme.olocau.es\/wp-content\/uploads\/2025\/04\/Diseno-sin-titulo-4.png","type":"image\/png"}],"author":"Olocau_2022_Turismo","twitter_card":"summary_large_image","twitter_creator":"@turismeolocau","twitter_site":"@turismeolocau","twitter_misc":{"Written by":"Olocau_2022_Turismo","Est. reading time":"2 minutes"},"schema":{"@context":"https:\/\/schema.org","@graph":[{"@type":"Article","@id":"https:\/\/turisme.olocau.es\/ca\/iberfesta-olocau-2025\/#article","isPartOf":{"@id":"https:\/\/turisme.olocau.es\/ca\/iberfesta-olocau-2025\/"},"author":{"name":"Olocau_2022_Turismo","@id":"https:\/\/turisme.olocau.es\/ca\/#\/schema\/person\/74aa3a5d6ca1824859c039181fa5a695"},"headline":"Iberfesta Olocau 2025","datePublished":"2025-04-24T07:42:47+00:00","dateModified":"2025-05-15T13:02:48+00:00","mainEntityOfPage":{"@id":"https:\/\/turisme.olocau.es\/ca\/iberfesta-olocau-2025\/"},"wordCount":172,"commentCount":0,"publisher":{"@id":"https:\/\/turisme.olocau.es\/ca\/#organization"},"image":{"@id":"https:\/\/turisme.olocau.es\/ca\/iberfesta-olocau-2025\/#primaryimage"},"thumbnailUrl":"https:\/\/turisme.olocau.es\/wp-content\/uploads\/2025\/04\/Diseno-sin-titulo-4.png","articleSection":["Eventos"],"inLanguage":"val","potentialAction":[{"@type":"CommentAction","name":"Comment","target":["https:\/\/turisme.olocau.es\/ca\/iberfesta-olocau-2025\/#respond"]}]},{"@type":"WebPage","@id":"https:\/\/turisme.olocau.es\/ca\/iberfesta-olocau-2025\/","url":"https:\/\/turisme.olocau.es\/ca\/iberfesta-olocau-2025\/","name":"Iberfesta Olocau 2025 - Turismo Olocau","isPartOf":{"@id":"https:\/\/turisme.olocau.es\/ca\/#website"},"primaryImageOfPage":{"@id":"https:\/\/turisme.olocau.es\/ca\/iberfesta-olocau-2025\/#primaryimage"},"image":{"@id":"https:\/\/turisme.olocau.es\/ca\/iberfesta-olocau-2025\/#primaryimage"},"thumbnailUrl":"https:\/\/turisme.olocau.es\/wp-content\/uploads\/2025\/04\/Diseno-sin-titulo-4.png","datePublished":"2025-04-24T07:42:47+00:00","dateModified":"2025-05-15T13:02:48+00:00","description":"Cartell de l'edici\u00f3 de 2025 de la Iberfesta Olocau. Els dies 6, 7 i 8 de juny no us perdeu les recreacions hist\u00f2riques!","breadcrumb":{"@id":"https:\/\/turisme.olocau.es\/ca\/iberfesta-olocau-2025\/#breadcrumb"},"inLanguage":"val","potentialAction":[{"@type":"ReadAction","target":["https:\/\/turisme.olocau.es\/ca\/iberfesta-olocau-2025\/"]}]},{"@type":"ImageObject","inLanguage":"val","@id":"https:\/\/turisme.olocau.es\/ca\/iberfesta-olocau-2025\/#primaryimage","url":"https:\/\/turisme.olocau.es\/wp-content\/uploads\/2025\/04\/Diseno-sin-titulo-4.png","contentUrl":"https:\/\/turisme.olocau.es\/wp-content\/uploads\/2025\/04\/Diseno-sin-titulo-4.png","width":1080,"height":1080},{"@type":"BreadcrumbList","@id":"https:\/\/turisme.olocau.es\/ca\/iberfesta-olocau-2025\/#breadcrumb","itemListElement":[{"@type":"ListItem","position":1,"name":"Portada","item":"https:\/\/turisme.olocau.es\/ca\/"},{"@type":"ListItem","position":2,"name":"Iberfesta Olocau 2025"}]},{"@type":"WebSite","@id":"https:\/\/turisme.olocau.es\/ca\/#website","url":"https:\/\/turisme.olocau.es\/ca\/","name":"Turismo Olocau","description":"Visita Olocau","publisher":{"@id":"https:\/\/turisme.olocau.es\/ca\/#organization"},"potentialAction":[{"@type":"SearchAction","target":{"@type":"EntryPoint","urlTemplate":"https:\/\/turisme.olocau.es\/ca\/?s={search_term_string}"},"query-input":{"@type":"PropertyValueSpecification","valueRequired":true,"valueName":"search_term_string"}}],"inLanguage":"val"},{"@type":"Organization","@id":"https:\/\/turisme.olocau.es\/ca\/#organization","name":"Turismo Olocau","url":"https:\/\/turisme.olocau.es\/ca\/","logo":{"@type":"ImageObject","inLanguage":"val","@id":"https:\/\/turisme.olocau.es\/ca\/#\/schema\/logo\/image\/","url":"https:\/\/turisme.olocau.es\/wp-content\/uploads\/2022\/07\/Logo-Olocau-turismo_color.png","contentUrl":"https:\/\/turisme.olocau.es\/wp-content\/uploads\/2022\/07\/Logo-Olocau-turismo_color.png","width":300,"height":123,"caption":"Turismo Olocau"},"image":{"@id":"https:\/\/turisme.olocau.es\/ca\/#\/schema\/logo\/image\/"},"sameAs":["https:\/\/www.facebook.com\/Turisme-Olocau-110345021644060","https:\/\/x.com\/turismeolocau","https:\/\/www.instagram.com\/turismeolocau\/"]},{"@type":"Person","@id":"https:\/\/turisme.olocau.es\/ca\/#\/schema\/person\/74aa3a5d6ca1824859c039181fa5a695","name":"Olocau_2022_Turismo","image":{"@type":"ImageObject","inLanguage":"val","@id":"https:\/\/secure.gravatar.com\/avatar\/d347f8803fcc2fc2f934c5cb1be1b80e1aa6577ea701698b346d5a14450e0e5a?s=96&d=mm&r=g","url":"https:\/\/secure.gravatar.com\/avatar\/d347f8803fcc2fc2f934c5cb1be1b80e1aa6577ea701698b346d5a14450e0e5a?s=96&d=mm&r=g","contentUrl":"https:\/\/secure.gravatar.com\/avatar\/d347f8803fcc2fc2f934c5cb1be1b80e1aa6577ea701698b346d5a14450e0e5a?s=96&d=mm&r=g","caption":"Olocau_2022_Turismo"},"sameAs":["https:\/\/turisme.olocau.es"],"url":"https:\/\/turisme.olocau.es\/ca\/author\/olocau_2022_turismo\/"}]}},"_wpml_word_count":"","_edit_lock":"1747314168:2","_thumbnail_id":"10967","_elementor_edit_mode":"builder","_elementor_template_type":"wp-post","_elementor_version":"3.28.4","_elementor_pro_version":"3.26.3","_wp_page_template":"default","_elementor_data":"[{\"id\":\"0a60155\",\"elType\":\"section\",\"settings\":[],\"elements\":[{\"id\":\"badb391\",\"elType\":\"column\",\"settings\":{\"_column_size\":100,\"_inline_size\":null},\"elements\":[{\"id\":\"c913f6c\",\"elType\":\"section\",\"settings\":{\"structure\":\"20\",\"margin\":{\"unit\":\"px\",\"top\":\"0\",\"right\":0,\"bottom\":\"10\",\"left\":0,\"isLinked\":false}},\"elements\":[{\"id\":\"37ae37f\",\"elType\":\"column\",\"settings\":{\"_column_size\":50,\"_inline_size\":16.865,\"padding\":{\"unit\":\"px\",\"top\":\"0\",\"right\":\"0\",\"bottom\":\"0\",\"left\":\"0\",\"isLinked\":true}},\"elements\":[{\"id\":\"fa37756\",\"elType\":\"widget\",\"settings\":{\"editor\":\"<p>DATA DE L'ESDEVENIMENT<\\\/p>\\n\",\"typography_typography\":\"custom\",\"typography_font_family\":\"Montserrat\",\"typography_font_size\":{\"unit\":\"px\",\"size\":15,\"sizes\":[]},\"typography_font_weight\":\"600\"},\"elements\":[],\"widgetType\":\"text-editor\"}],\"isInner\":true},{\"id\":\"b9fe006\",\"elType\":\"column\",\"settings\":{\"_column_size\":50,\"_inline_size\":83.135,\"padding\":{\"unit\":\"px\",\"top\":\"0\",\"right\":\"0\",\"bottom\":\"0\",\"left\":\"0\",\"isLinked\":true}},\"elements\":[{\"id\":\"1593650\",\"elType\":\"widget\",\"settings\":{\"editor\":\"<p>6, 7 i 8 de juny de 2025<\\\/p>\\n\",\"typography_typography\":\"custom\",\"typography_font_family\":\"Montserrat\",\"typography_font_size\":{\"unit\":\"px\",\"size\":15,\"sizes\":[]},\"typography_font_weight\":\"600\",\"__globals__\":{\"text_color\":\"globals\\\/colors?id=primary\"}},\"elements\":[],\"widgetType\":\"text-editor\"}],\"isInner\":true}],\"isInner\":true},{\"id\":\"83a7e54\",\"elType\":\"widget\",\"settings\":{\"editor\":\"<div><h4 dir=\\\"auto\\\">La Iberfesta d'Olocau arriba, un any m\\u00e9s, amb propostes per a gaudir de la cultura ibera durant els dies 6, 7 i 8 de juny.<\\\/h4><div>\\u00a0<\\\/div><\\\/div><div><div dir=\\\"auto\\\">Els pr\\u00f2xims dies 6, 7 i 8 de juny, Olocau viatjar\\u00e0 una vegada m\\u00e9s a l'\\u00e8poca ibera per a gaudir d'una nova edici\\u00f3 de la Iberfesta. L'esdeveniment, organitzat per l'Ajuntament i el <a href=\\\"https:\\\/\\\/mupreva.org\\\/home\\\/?q=va\\\">Museu de Prehist\\u00f2ria de Val\\u00e8ncia (MUPREVA)<\\\/a>, torna amb molts actes en el qual la diversi\\u00f3 i la recreaci\\u00f3 hist\\u00f2rica s'uniran per a oferir un cap de setmana \\u00fanic.<\\\/div><div dir=\\\"auto\\\">\\u00a0<\\\/div><\\\/div><div><div dir=\\\"auto\\\">La Iberfesta \\u00e9s una celebraci\\u00f3 que est\\u00e0 pensada perqu\\u00e8 tots i totes gaudim d'un cap de setmana molt especial en el qual recordarem el nostre passat i les nostres arrels a trav\\u00e9s de teatralitzacions, jocs, visites guiades al Puntal dels Llops i on podrem con\\u00e9ixer m\\u00e9s municipis de la Ruta dels Ibers, aix\\u00ed com gaudir de la fira artesanal organitzada per<a href=\\\"https:\\\/\\\/www.amata.es\\\/Inicio_amata.php\\\">\\u00a0Amata.<\\\/a><\\\/div><div dir=\\\"auto\\\">\\u00a0<\\\/div><div dir=\\\"auto\\\">\\u00a1Vos esperem!<\\\/div><\\\/div>\"},\"elements\":[],\"widgetType\":\"text-editor\"}],\"isInner\":false}],\"isInner\":false},{\"id\":\"ffff240\",\"elType\":\"section\",\"settings\":[],\"elements\":[{\"id\":\"280f133\",\"elType\":\"column\",\"settings\":{\"_column_size\":100,\"_inline_size\":null},\"elements\":[{\"id\":\"2b2eac6\",\"elType\":\"widget\",\"settings\":{\"image\":{\"url\":\"https:\\\/\\\/turisme.olocau.es\\\/wp-content\\\/uploads\\\/2025\\\/04\\\/Iberfesta_1_6.jpg\",\"id\":10969,\"alt\":\"\",\"source\":\"library\",\"size\":\"\"},\"image_size\":\"custom\",\"image_custom_dimension\":{\"width\":\"\",\"height\":\"700\"}},\"elements\":[],\"widgetType\":\"image\"}],\"isInner\":false}],\"isInner\":false},{\"id\":\"e9ebdfd\",\"elType\":\"section\",\"settings\":[],\"elements\":[{\"id\":\"4608c6f\",\"elType\":\"column\",\"settings\":{\"_column_size\":100,\"_inline_size\":null},\"elements\":[{\"id\":\"fa44661\",\"elType\":\"widget\",\"settings\":{\"text\":\"Programa Iberfesta Olocau 2025\",\"link\":{\"url\":\"https:\\\/\\\/turisme.olocau.es\\\/wp-content\\\/uploads\\\/2025\\\/05\\\/Programa-Iberfesta-2025_3_v_compressed.pdf\",\"is_external\":\"\",\"nofollow\":\"\",\"custom_attributes\":\"\"},\"align\":\"center\",\"background_color\":\"#B10606\"},\"elements\":[],\"widgetType\":\"button\"},{\"id\":\"a8985a1\",\"elType\":\"widget\",\"settings\":{\"editor\":\"\"},\"elements\":[],\"widgetType\":\"text-editor\"}],\"isInner\":false}],\"isInner\":false}]","_elementor_page_assets":{"scripts":["elementor-frontend"],"styles":["widget-image"]},"_elementor_controls_usage":{"text-editor":{"count":4,"control_percent":0,"controls":{"content":{"section_editor":{"editor":4}},"style":{"section_style":{"typography_typography":2,"typography_font_family":2,"typography_font_size":2,"typography_font_weight":2}}}},"column":{"count":5,"control_percent":0,"controls":{"layout":{"layout":{"_inline_size":5}},"advanced":{"section_advanced":{"padding":2}}}},"section":{"count":4,"control_percent":0,"controls":{"layout":{"section_structure":{"structure":1}},"advanced":{"section_advanced":{"margin":1}}}},"image":{"count":1,"control_percent":1,"controls":{"content":{"section_image":{"image":1,"image_size":1,"image_custom_dimension":1}}}},"button":{"count":1,"control_percent":1,"controls":{"content":{"section_button":{"text":1,"link":1}},"style":{"section_style":{"align":1,"background_color":1}}}}},"_edit_last":"","_yoast_wpseo_content_score":"60","_yoast_wpseo_estimated-reading-time-minutes":"2","_yoast_wpseo_wordproof_timestamp":"","_wp_old_slug":"","_wpml_media_featured":"","_wpml_media_duplicate":"","_cdp_origin":"","_cdp_origin_site":"","_cdp_origin_title":"","_cdp_counter":"","_links":{"self":[{"href":"https:\/\/turisme.olocau.es\/ca\/wp-json\/wp\/v2\/posts\/10975","targetHints":{"allow":["GET"]}}],"collection":[{"href":"https:\/\/turisme.olocau.es\/ca\/wp-json\/wp\/v2\/posts"}],"about":[{"href":"https:\/\/turisme.olocau.es\/ca\/wp-json\/wp\/v2\/types\/post"}],"author":[{"embeddable":true,"href":"https:\/\/turisme.olocau.es\/ca\/wp-json\/wp\/v2\/users\/1"}],"replies":[{"embeddable":true,"href":"https:\/\/turisme.olocau.es\/ca\/wp-json\/wp\/v2\/comments?post=10975"}],"version-history":[{"count":14,"href":"https:\/\/turisme.olocau.es\/ca\/wp-json\/wp\/v2\/posts\/10975\/revisions"}],"predecessor-version":[{"id":11116,"href":"https:\/\/turisme.olocau.es\/ca\/wp-json\/wp\/v2\/posts\/10975\/revisions\/11116"}],"wp:featuredmedia":[{"embeddable":true,"href":"https:\/\/turisme.olocau.es\/ca\/wp-json\/wp\/v2\/media\/10967"}],"wp:attachment":[{"href":"https:\/\/turisme.olocau.es\/ca\/wp-json\/wp\/v2\/media?parent=10975"}],"curies":[{"name":"wp","href":"https:\/\/api.w.org\/{rel}","templated":true}]}}