{"id":10673,"date":"2025-02-19T13:39:41","date_gmt":"2025-02-19T13:39:41","guid":{"rendered":"https:\/\/turisme.olocau.es\/ruta-de-les-macollades-i-inauguracion-de-la-exposicio-permanent-adeu-al-mon-rural\/"},"modified":"2025-03-12T11:59:58","modified_gmt":"2025-03-12T11:59:58","slug":"ruta-de-les-macollades-i-inauguracion-de-la-exposicio-permanent-adeu-al-mon-rural","status":"publish","type":"post","link":"https:\/\/turisme.olocau.es\/ca\/ruta-de-les-macollades-i-inauguracion-de-la-exposicio-permanent-adeu-al-mon-rural\/","title":{"rendered":"Ruta de les Macollades i inauguraci\u00f3n de la exposici\u00f3 permanent \u2018Ad\u00e9u al m\u00f3n rural?\u2019"},"content":{"rendered":"\t\t<div data-elementor-type=\"wp-post\" data-elementor-id=\"10673\" class=\"elementor elementor-10673 elementor-10659\" data-elementor-post-type=\"post\">\n\t\t\t\t\t\t<section class=\"elementor-section elementor-top-section elementor-element elementor-element-0a60155 elementor-section-boxed elementor-section-height-default elementor-section-height-default\" data-id=\"0a60155\" data-element_type=\"section\" data-e-type=\"section\">\n\t\t\t\t\t\t<div class=\"elementor-container elementor-column-gap-default\">\n\t\t\t\t\t<div class=\"elementor-column elementor-col-100 elementor-top-column elementor-element elementor-element-badb391\" data-id=\"badb391\" data-element_type=\"column\" data-e-type=\"column\">\n\t\t\t<div class=\"elementor-widget-wrap elementor-element-populated\">\n\t\t\t\t\t\t<section class=\"elementor-section elementor-inner-section elementor-element elementor-element-c913f6c elementor-section-boxed elementor-section-height-default elementor-section-height-default\" data-id=\"c913f6c\" data-element_type=\"section\" data-e-type=\"section\">\n\t\t\t\t\t\t<div class=\"elementor-container elementor-column-gap-default\">\n\t\t\t\t\t<div class=\"elementor-column elementor-col-50 elementor-inner-column elementor-element elementor-element-37ae37f\" data-id=\"37ae37f\" data-element_type=\"column\" data-e-type=\"column\">\n\t\t\t<div class=\"elementor-widget-wrap elementor-element-populated\">\n\t\t\t\t\t\t<div class=\"elementor-element elementor-element-fa37756 elementor-widget__width-initial elementor-widget elementor-widget-text-editor\" data-id=\"fa37756\" data-element_type=\"widget\" data-e-type=\"widget\" data-widget_type=\"text-editor.default\">\n\t\t\t\t<div class=\"elementor-widget-container\">\n\t\t\t\t\t\t\t\t\t<p>DATA DE L&#8217;ESDEVENIMENT:<\/p>\n\t\t\t\t\t\t\t\t<\/div>\n\t\t\t\t<\/div>\n\t\t\t\t\t<\/div>\n\t\t<\/div>\n\t\t\t\t<div class=\"elementor-column elementor-col-50 elementor-inner-column elementor-element elementor-element-b9fe006\" data-id=\"b9fe006\" data-element_type=\"column\" data-e-type=\"column\">\n\t\t\t<div class=\"elementor-widget-wrap elementor-element-populated\">\n\t\t\t\t\t\t<div class=\"elementor-element elementor-element-1593650 elementor-widget__width-initial elementor-widget elementor-widget-text-editor\" data-id=\"1593650\" data-element_type=\"widget\" data-e-type=\"widget\" data-widget_type=\"text-editor.default\">\n\t\t\t\t<div class=\"elementor-widget-container\">\n\t\t\t\t\t\t\t\t\t<p><span data-olk-copy-source=\"MessageBody\">Diumenge 23 de mar\u00e7, a les 10:00 i a les 13:00 hores, respectivament.<\/span><\/p>\t\t\t\t\t\t\t\t<\/div>\n\t\t\t\t<\/div>\n\t\t\t\t\t<\/div>\n\t\t<\/div>\n\t\t\t\t\t<\/div>\n\t\t<\/section>\n\t\t\t\t<div class=\"elementor-element elementor-element-e3d89a9 elementor-widget elementor-widget-text-editor\" data-id=\"e3d89a9\" data-element_type=\"widget\" data-e-type=\"widget\" data-widget_type=\"text-editor.default\">\n\t\t\t\t<div class=\"elementor-widget-container\">\n\t\t\t\t\t\t\t\t\t<div class=\"x_elementToProof\" data-olk-copy-source=\"MessageBody\">En primer lloc, amb la Ruta de les Macollades que es realitzar\u00e0 amb l&#8217;historiador Francesc Rozal\u00e9n a partir de les 10:00 hores des de la Pla\u00e7a Major. Un itinerari de dos hores de dificultat baixa per a gaudir de les ic\u00f2niques garroferes monumentals d&#8217;Olocau i del magn\u00edfic paisatge que les envolta.<\/div><div data-olk-copy-source=\"MessageBody\">\u00a0<\/div><div class=\"x_elementToProof\">I, a continuaci\u00f3, a les 13:00 hores, a la Casa de la Senyoria, s&#8217;inaugurar\u00e0 una exposici\u00f3 permanent que posa l&#8217;accent sobre les transformacions i els canvis experimentats en l&#8217;agricultura de la nostra comarca en el segle XX, i que ret homenatge a totes les persones que s&#8217;han dedicat a este sector. La mostra, realitzada entre 2001 i 2002, ofereix una panor\u00e0mica de l&#8217;evoluci\u00f3 d&#8217;aspectes com els oficis, els cultius o el paisatge rural, i cobra especial rellev\u00e0ncia en l&#8217;actualitat davant la situaci\u00f3 que es viu hui en dia en el camp.<\/div>\t\t\t\t\t\t\t\t<\/div>\n\t\t\t\t<\/div>\n\t\t\t\t\t<\/div>\n\t\t<\/div>\n\t\t\t\t\t<\/div>\n\t\t<\/section>\n\t\t\t\t<section class=\"elementor-section elementor-top-section elementor-element elementor-element-de889cc elementor-section-boxed elementor-section-height-default elementor-section-height-default\" data-id=\"de889cc\" data-element_type=\"section\" data-e-type=\"section\">\n\t\t\t\t\t\t<div class=\"elementor-container elementor-column-gap-default\">\n\t\t\t\t\t<div class=\"elementor-column elementor-col-50 elementor-top-column elementor-element elementor-element-9a58795\" data-id=\"9a58795\" data-element_type=\"column\" data-e-type=\"column\">\n\t\t\t<div class=\"elementor-widget-wrap elementor-element-populated\">\n\t\t\t\t\t\t<div class=\"elementor-element elementor-element-da30599 elementor-widget elementor-widget-image\" data-id=\"da30599\" data-element_type=\"widget\" data-e-type=\"widget\" data-widget_type=\"image.default\">\n\t\t\t\t<div class=\"elementor-widget-container\">\n\t\t\t\t\t\t\t\t\t\t\t\t\t\t\t<img fetchpriority=\"high\" decoding=\"async\" width=\"724\" height=\"1024\" src=\"https:\/\/turisme.olocau.es\/wp-content\/uploads\/2025\/02\/Cartell-Ruta-de-les-Macollades-1-2-724x1024.jpg\" class=\"attachment-large size-large wp-image-10746\" alt=\"\" srcset=\"https:\/\/turisme.olocau.es\/wp-content\/uploads\/2025\/02\/Cartell-Ruta-de-les-Macollades-1-2-724x1024.jpg 724w, https:\/\/turisme.olocau.es\/wp-content\/uploads\/2025\/02\/Cartell-Ruta-de-les-Macollades-1-2-212x300.jpg 212w, https:\/\/turisme.olocau.es\/wp-content\/uploads\/2025\/02\/Cartell-Ruta-de-les-Macollades-1-2-768x1086.jpg 768w, https:\/\/turisme.olocau.es\/wp-content\/uploads\/2025\/02\/Cartell-Ruta-de-les-Macollades-1-2-1086x1536.jpg 1086w, https:\/\/turisme.olocau.es\/wp-content\/uploads\/2025\/02\/Cartell-Ruta-de-les-Macollades-1-2-1448x2048.jpg 1448w, https:\/\/turisme.olocau.es\/wp-content\/uploads\/2025\/02\/Cartell-Ruta-de-les-Macollades-1-2.jpg 1587w\" sizes=\"(max-width: 724px) 100vw, 724px\" \/>\t\t\t\t\t\t\t\t\t\t\t\t\t\t\t<\/div>\n\t\t\t\t<\/div>\n\t\t\t\t\t<\/div>\n\t\t<\/div>\n\t\t\t\t<div class=\"elementor-column elementor-col-50 elementor-top-column elementor-element elementor-element-c33315d\" data-id=\"c33315d\" data-element_type=\"column\" data-e-type=\"column\">\n\t\t\t<div class=\"elementor-widget-wrap elementor-element-populated\">\n\t\t\t\t\t\t<div class=\"elementor-element elementor-element-0a2f01e elementor-widget elementor-widget-image\" data-id=\"0a2f01e\" data-element_type=\"widget\" data-e-type=\"widget\" data-widget_type=\"image.default\">\n\t\t\t\t<div class=\"elementor-widget-container\">\n\t\t\t\t\t\t\t\t\t\t\t\t\t\t\t<img decoding=\"async\" width=\"791\" height=\"1024\" src=\"https:\/\/turisme.olocau.es\/wp-content\/uploads\/2025\/02\/Cartell-inauguracio-exposicio-Adeu-al-mon-rural-2-791x1024.jpg\" class=\"attachment-large size-large wp-image-10740\" alt=\"\" srcset=\"https:\/\/turisme.olocau.es\/wp-content\/uploads\/2025\/02\/Cartell-inauguracio-exposicio-Adeu-al-mon-rural-2-791x1024.jpg 791w, https:\/\/turisme.olocau.es\/wp-content\/uploads\/2025\/02\/Cartell-inauguracio-exposicio-Adeu-al-mon-rural-2-232x300.jpg 232w, https:\/\/turisme.olocau.es\/wp-content\/uploads\/2025\/02\/Cartell-inauguracio-exposicio-Adeu-al-mon-rural-2-768x995.jpg 768w, https:\/\/turisme.olocau.es\/wp-content\/uploads\/2025\/02\/Cartell-inauguracio-exposicio-Adeu-al-mon-rural-2.jpg 1080w\" sizes=\"(max-width: 791px) 100vw, 791px\" \/>\t\t\t\t\t\t\t\t\t\t\t\t\t\t\t<\/div>\n\t\t\t\t<\/div>\n\t\t\t\t\t<\/div>\n\t\t<\/div>\n\t\t\t\t\t<\/div>\n\t\t<\/section>\n\t\t\t\t<\/div>\n\t\t","protected":false},"excerpt":{"rendered":"<p>Events oberts al p\u00fablic, organitzat per l&#8217;Institut d&#8217;Estudis Comarcals (IDECO) Camp de T\u00faria i l&#8217;Ajuntament d&#8217;Olocau on el mon agr\u00edcola ser\u00e0 el protagonista. <\/p>\n","protected":false},"author":2,"featured_media":10743,"comment_status":"open","ping_status":"open","sticky":false,"template":"","format":"standard","meta":{"om_disable_all_campaigns":false,"_monsterinsights_skip_tracking":false,"_monsterinsights_sitenote_active":false,"_monsterinsights_sitenote_note":"","_monsterinsights_sitenote_category":0,"_uf_show_specific_survey":0,"_uf_disable_surveys":false,"footnotes":""},"class_list":["post-10673","post","type-post","status-publish","format-standard","has-post-thumbnail","hentry","category-eventos","tag-festes-sant-antoni-abat-olocau-2025-ca"],"yoast_head":"<!-- This site is optimized with the Yoast SEO plugin v27.4 - https:\/\/yoast.com\/product\/yoast-seo-wordpress\/ -->\n<title>Ruta de les Macollades i inauguraci\u00f3n de la exposici\u00f3 permanent \u2018Ad\u00e9u al m\u00f3n rural?\u2019 - Turismo Olocau<\/title>\n<meta name=\"description\" content=\"Jornada on es posar\u00e0 de rellev\u00e0ncia el m\u00f3n rural olocau\u00ed des dels inicis del segle XXI fins a l&#039;actualitat.\" \/>\n<meta name=\"robots\" content=\"index, follow, max-snippet:-1, max-image-preview:large, max-video-preview:-1\" \/>\n<link rel=\"canonical\" href=\"https:\/\/turisme.olocau.es\/ca\/ruta-de-les-macollades-i-inauguracion-de-la-exposicio-permanent-adeu-al-mon-rural\/\" \/>\n<meta property=\"og:locale\" content=\"en_US\" \/>\n<meta property=\"og:type\" content=\"article\" \/>\n<meta property=\"og:title\" content=\"Ruta de les Macollades i inauguraci\u00f3n de la exposici\u00f3 permanent \u2018Ad\u00e9u al m\u00f3n rural?\u2019 - Turismo Olocau\" \/>\n<meta property=\"og:description\" content=\"Jornada on es posar\u00e0 de rellev\u00e0ncia el m\u00f3n rural olocau\u00ed des dels inicis del segle XXI fins a l&#039;actualitat.\" \/>\n<meta property=\"og:url\" content=\"https:\/\/turisme.olocau.es\/ca\/ruta-de-les-macollades-i-inauguracion-de-la-exposicio-permanent-adeu-al-mon-rural\/\" \/>\n<meta property=\"og:site_name\" content=\"Turismo Olocau\" \/>\n<meta property=\"article:publisher\" content=\"https:\/\/www.facebook.com\/Turisme-Olocau-110345021644060\" \/>\n<meta property=\"article:published_time\" content=\"2025-02-19T13:39:41+00:00\" \/>\n<meta property=\"article:modified_time\" content=\"2025-03-12T11:59:58+00:00\" \/>\n<meta property=\"og:image\" content=\"https:\/\/turisme.olocau.es\/wp-content\/uploads\/2025\/02\/Cartell-Ruta-de-les-Macollades-1-1-e1741780602113.jpg\" \/>\n\t<meta property=\"og:image:width\" content=\"1587\" \/>\n\t<meta property=\"og:image:height\" content=\"2245\" \/>\n\t<meta property=\"og:image:type\" content=\"image\/jpeg\" \/>\n<meta name=\"author\" content=\"Turismo-Olocau\" \/>\n<meta name=\"twitter:card\" content=\"summary_large_image\" \/>\n<meta name=\"twitter:creator\" content=\"@turismeolocau\" \/>\n<meta name=\"twitter:site\" content=\"@turismeolocau\" \/>\n<meta name=\"twitter:label1\" content=\"Written by\" \/>\n\t<meta name=\"twitter:data1\" content=\"Turismo-Olocau\" \/>\n\t<meta name=\"twitter:label2\" content=\"Est. reading time\" \/>\n\t<meta name=\"twitter:data2\" content=\"2 minutes\" \/>\n<script type=\"application\/ld+json\" class=\"yoast-schema-graph\">{\"@context\":\"https:\\\/\\\/schema.org\",\"@graph\":[{\"@type\":\"Article\",\"@id\":\"https:\\\/\\\/turisme.olocau.es\\\/ca\\\/ruta-de-les-macollades-i-inauguracion-de-la-exposicio-permanent-adeu-al-mon-rural\\\/#article\",\"isPartOf\":{\"@id\":\"https:\\\/\\\/turisme.olocau.es\\\/ca\\\/ruta-de-les-macollades-i-inauguracion-de-la-exposicio-permanent-adeu-al-mon-rural\\\/\"},\"author\":{\"name\":\"Turismo-Olocau\",\"@id\":\"https:\\\/\\\/turisme.olocau.es\\\/ca\\\/#\\\/schema\\\/person\\\/fcd88087213846e1eb87eb573fd29a6a\"},\"headline\":\"Ruta de les Macollades i inauguraci\u00f3n de la exposici\u00f3 permanent \u2018Ad\u00e9u al m\u00f3n rural?\u2019\",\"datePublished\":\"2025-02-19T13:39:41+00:00\",\"dateModified\":\"2025-03-12T11:59:58+00:00\",\"mainEntityOfPage\":{\"@id\":\"https:\\\/\\\/turisme.olocau.es\\\/ca\\\/ruta-de-les-macollades-i-inauguracion-de-la-exposicio-permanent-adeu-al-mon-rural\\\/\"},\"wordCount\":184,\"commentCount\":0,\"publisher\":{\"@id\":\"https:\\\/\\\/turisme.olocau.es\\\/ca\\\/#organization\"},\"image\":{\"@id\":\"https:\\\/\\\/turisme.olocau.es\\\/ca\\\/ruta-de-les-macollades-i-inauguracion-de-la-exposicio-permanent-adeu-al-mon-rural\\\/#primaryimage\"},\"thumbnailUrl\":\"https:\\\/\\\/turisme.olocau.es\\\/wp-content\\\/uploads\\\/2025\\\/02\\\/Cartell-Ruta-de-les-Macollades-1-1-e1741780602113.jpg\",\"keywords\":[\"Festes Sant Antoni Abat Olocau 2025\"],\"articleSection\":[\"Eventos\"],\"inLanguage\":\"val\",\"potentialAction\":[{\"@type\":\"CommentAction\",\"name\":\"Comment\",\"target\":[\"https:\\\/\\\/turisme.olocau.es\\\/ca\\\/ruta-de-les-macollades-i-inauguracion-de-la-exposicio-permanent-adeu-al-mon-rural\\\/#respond\"]}]},{\"@type\":\"WebPage\",\"@id\":\"https:\\\/\\\/turisme.olocau.es\\\/ca\\\/ruta-de-les-macollades-i-inauguracion-de-la-exposicio-permanent-adeu-al-mon-rural\\\/\",\"url\":\"https:\\\/\\\/turisme.olocau.es\\\/ca\\\/ruta-de-les-macollades-i-inauguracion-de-la-exposicio-permanent-adeu-al-mon-rural\\\/\",\"name\":\"Ruta de les Macollades i inauguraci\u00f3n de la exposici\u00f3 permanent \u2018Ad\u00e9u al m\u00f3n rural?\u2019 - Turismo Olocau\",\"isPartOf\":{\"@id\":\"https:\\\/\\\/turisme.olocau.es\\\/ca\\\/#website\"},\"primaryImageOfPage\":{\"@id\":\"https:\\\/\\\/turisme.olocau.es\\\/ca\\\/ruta-de-les-macollades-i-inauguracion-de-la-exposicio-permanent-adeu-al-mon-rural\\\/#primaryimage\"},\"image\":{\"@id\":\"https:\\\/\\\/turisme.olocau.es\\\/ca\\\/ruta-de-les-macollades-i-inauguracion-de-la-exposicio-permanent-adeu-al-mon-rural\\\/#primaryimage\"},\"thumbnailUrl\":\"https:\\\/\\\/turisme.olocau.es\\\/wp-content\\\/uploads\\\/2025\\\/02\\\/Cartell-Ruta-de-les-Macollades-1-1-e1741780602113.jpg\",\"datePublished\":\"2025-02-19T13:39:41+00:00\",\"dateModified\":\"2025-03-12T11:59:58+00:00\",\"description\":\"Jornada on es posar\u00e0 de rellev\u00e0ncia el m\u00f3n rural olocau\u00ed des dels inicis del segle XXI fins a l'actualitat.\",\"breadcrumb\":{\"@id\":\"https:\\\/\\\/turisme.olocau.es\\\/ca\\\/ruta-de-les-macollades-i-inauguracion-de-la-exposicio-permanent-adeu-al-mon-rural\\\/#breadcrumb\"},\"inLanguage\":\"val\",\"potentialAction\":[{\"@type\":\"ReadAction\",\"target\":[\"https:\\\/\\\/turisme.olocau.es\\\/ca\\\/ruta-de-les-macollades-i-inauguracion-de-la-exposicio-permanent-adeu-al-mon-rural\\\/\"]}]},{\"@type\":\"ImageObject\",\"inLanguage\":\"val\",\"@id\":\"https:\\\/\\\/turisme.olocau.es\\\/ca\\\/ruta-de-les-macollades-i-inauguracion-de-la-exposicio-permanent-adeu-al-mon-rural\\\/#primaryimage\",\"url\":\"https:\\\/\\\/turisme.olocau.es\\\/wp-content\\\/uploads\\\/2025\\\/02\\\/Cartell-Ruta-de-les-Macollades-1-1-e1741780602113.jpg\",\"contentUrl\":\"https:\\\/\\\/turisme.olocau.es\\\/wp-content\\\/uploads\\\/2025\\\/02\\\/Cartell-Ruta-de-les-Macollades-1-1-e1741780602113.jpg\",\"width\":1587,\"height\":2245},{\"@type\":\"BreadcrumbList\",\"@id\":\"https:\\\/\\\/turisme.olocau.es\\\/ca\\\/ruta-de-les-macollades-i-inauguracion-de-la-exposicio-permanent-adeu-al-mon-rural\\\/#breadcrumb\",\"itemListElement\":[{\"@type\":\"ListItem\",\"position\":1,\"name\":\"Portada\",\"item\":\"https:\\\/\\\/turisme.olocau.es\\\/ca\\\/\"},{\"@type\":\"ListItem\",\"position\":2,\"name\":\"Ruta de les Macollades i inauguraci\u00f3n de la exposici\u00f3 permanent \u2018Ad\u00e9u al m\u00f3n rural?\u2019\"}]},{\"@type\":\"WebSite\",\"@id\":\"https:\\\/\\\/turisme.olocau.es\\\/ca\\\/#website\",\"url\":\"https:\\\/\\\/turisme.olocau.es\\\/ca\\\/\",\"name\":\"Turismo Olocau\",\"description\":\"Visita Olocau\",\"publisher\":{\"@id\":\"https:\\\/\\\/turisme.olocau.es\\\/ca\\\/#organization\"},\"potentialAction\":[{\"@type\":\"SearchAction\",\"target\":{\"@type\":\"EntryPoint\",\"urlTemplate\":\"https:\\\/\\\/turisme.olocau.es\\\/ca\\\/?s={search_term_string}\"},\"query-input\":{\"@type\":\"PropertyValueSpecification\",\"valueRequired\":true,\"valueName\":\"search_term_string\"}}],\"inLanguage\":\"val\"},{\"@type\":\"Organization\",\"@id\":\"https:\\\/\\\/turisme.olocau.es\\\/ca\\\/#organization\",\"name\":\"Turismo Olocau\",\"url\":\"https:\\\/\\\/turisme.olocau.es\\\/ca\\\/\",\"logo\":{\"@type\":\"ImageObject\",\"inLanguage\":\"val\",\"@id\":\"https:\\\/\\\/turisme.olocau.es\\\/ca\\\/#\\\/schema\\\/logo\\\/image\\\/\",\"url\":\"https:\\\/\\\/turisme.olocau.es\\\/wp-content\\\/uploads\\\/2022\\\/07\\\/Logo-Olocau-turismo_color.png\",\"contentUrl\":\"https:\\\/\\\/turisme.olocau.es\\\/wp-content\\\/uploads\\\/2022\\\/07\\\/Logo-Olocau-turismo_color.png\",\"width\":300,\"height\":123,\"caption\":\"Turismo Olocau\"},\"image\":{\"@id\":\"https:\\\/\\\/turisme.olocau.es\\\/ca\\\/#\\\/schema\\\/logo\\\/image\\\/\"},\"sameAs\":[\"https:\\\/\\\/www.facebook.com\\\/Turisme-Olocau-110345021644060\",\"https:\\\/\\\/x.com\\\/turismeolocau\",\"https:\\\/\\\/www.instagram.com\\\/turismeolocau\\\/\"]},{\"@type\":\"Person\",\"@id\":\"https:\\\/\\\/turisme.olocau.es\\\/ca\\\/#\\\/schema\\\/person\\\/fcd88087213846e1eb87eb573fd29a6a\",\"name\":\"Turismo-Olocau\",\"image\":{\"@type\":\"ImageObject\",\"inLanguage\":\"val\",\"@id\":\"https:\\\/\\\/secure.gravatar.com\\\/avatar\\\/7875a6075f0b83e0505d4162d1c90fd9fa0a65f87d4df3dc64c422d3e8f2c465?s=96&d=mm&r=g\",\"url\":\"https:\\\/\\\/secure.gravatar.com\\\/avatar\\\/7875a6075f0b83e0505d4162d1c90fd9fa0a65f87d4df3dc64c422d3e8f2c465?s=96&d=mm&r=g\",\"contentUrl\":\"https:\\\/\\\/secure.gravatar.com\\\/avatar\\\/7875a6075f0b83e0505d4162d1c90fd9fa0a65f87d4df3dc64c422d3e8f2c465?s=96&d=mm&r=g\",\"caption\":\"Turismo-Olocau\"},\"url\":\"https:\\\/\\\/turisme.olocau.es\\\/ca\\\/author\\\/turismo-olocau\\\/\"}]}<\/script>\n<!-- \/ Yoast SEO plugin. -->","yoast_head_json":{"title":"Ruta de les Macollades i inauguraci\u00f3n de la exposici\u00f3 permanent \u2018Ad\u00e9u al m\u00f3n rural?\u2019 - Turismo Olocau","description":"Jornada on es posar\u00e0 de rellev\u00e0ncia el m\u00f3n rural olocau\u00ed des dels inicis del segle XXI fins a l'actualitat.","robots":{"index":"index","follow":"follow","max-snippet":"max-snippet:-1","max-image-preview":"max-image-preview:large","max-video-preview":"max-video-preview:-1"},"canonical":"https:\/\/turisme.olocau.es\/ca\/ruta-de-les-macollades-i-inauguracion-de-la-exposicio-permanent-adeu-al-mon-rural\/","og_locale":"en_US","og_type":"article","og_title":"Ruta de les Macollades i inauguraci\u00f3n de la exposici\u00f3 permanent \u2018Ad\u00e9u al m\u00f3n rural?\u2019 - Turismo Olocau","og_description":"Jornada on es posar\u00e0 de rellev\u00e0ncia el m\u00f3n rural olocau\u00ed des dels inicis del segle XXI fins a l'actualitat.","og_url":"https:\/\/turisme.olocau.es\/ca\/ruta-de-les-macollades-i-inauguracion-de-la-exposicio-permanent-adeu-al-mon-rural\/","og_site_name":"Turismo Olocau","article_publisher":"https:\/\/www.facebook.com\/Turisme-Olocau-110345021644060","article_published_time":"2025-02-19T13:39:41+00:00","article_modified_time":"2025-03-12T11:59:58+00:00","og_image":[{"width":1587,"height":2245,"url":"https:\/\/turisme.olocau.es\/wp-content\/uploads\/2025\/02\/Cartell-Ruta-de-les-Macollades-1-1-e1741780602113.jpg","type":"image\/jpeg"}],"author":"Turismo-Olocau","twitter_card":"summary_large_image","twitter_creator":"@turismeolocau","twitter_site":"@turismeolocau","twitter_misc":{"Written by":"Turismo-Olocau","Est. reading time":"2 minutes"},"schema":{"@context":"https:\/\/schema.org","@graph":[{"@type":"Article","@id":"https:\/\/turisme.olocau.es\/ca\/ruta-de-les-macollades-i-inauguracion-de-la-exposicio-permanent-adeu-al-mon-rural\/#article","isPartOf":{"@id":"https:\/\/turisme.olocau.es\/ca\/ruta-de-les-macollades-i-inauguracion-de-la-exposicio-permanent-adeu-al-mon-rural\/"},"author":{"name":"Turismo-Olocau","@id":"https:\/\/turisme.olocau.es\/ca\/#\/schema\/person\/fcd88087213846e1eb87eb573fd29a6a"},"headline":"Ruta de les Macollades i inauguraci\u00f3n de la exposici\u00f3 permanent \u2018Ad\u00e9u al m\u00f3n rural?\u2019","datePublished":"2025-02-19T13:39:41+00:00","dateModified":"2025-03-12T11:59:58+00:00","mainEntityOfPage":{"@id":"https:\/\/turisme.olocau.es\/ca\/ruta-de-les-macollades-i-inauguracion-de-la-exposicio-permanent-adeu-al-mon-rural\/"},"wordCount":184,"commentCount":0,"publisher":{"@id":"https:\/\/turisme.olocau.es\/ca\/#organization"},"image":{"@id":"https:\/\/turisme.olocau.es\/ca\/ruta-de-les-macollades-i-inauguracion-de-la-exposicio-permanent-adeu-al-mon-rural\/#primaryimage"},"thumbnailUrl":"https:\/\/turisme.olocau.es\/wp-content\/uploads\/2025\/02\/Cartell-Ruta-de-les-Macollades-1-1-e1741780602113.jpg","keywords":["Festes Sant Antoni Abat Olocau 2025"],"articleSection":["Eventos"],"inLanguage":"val","potentialAction":[{"@type":"CommentAction","name":"Comment","target":["https:\/\/turisme.olocau.es\/ca\/ruta-de-les-macollades-i-inauguracion-de-la-exposicio-permanent-adeu-al-mon-rural\/#respond"]}]},{"@type":"WebPage","@id":"https:\/\/turisme.olocau.es\/ca\/ruta-de-les-macollades-i-inauguracion-de-la-exposicio-permanent-adeu-al-mon-rural\/","url":"https:\/\/turisme.olocau.es\/ca\/ruta-de-les-macollades-i-inauguracion-de-la-exposicio-permanent-adeu-al-mon-rural\/","name":"Ruta de les Macollades i inauguraci\u00f3n de la exposici\u00f3 permanent \u2018Ad\u00e9u al m\u00f3n rural?\u2019 - Turismo Olocau","isPartOf":{"@id":"https:\/\/turisme.olocau.es\/ca\/#website"},"primaryImageOfPage":{"@id":"https:\/\/turisme.olocau.es\/ca\/ruta-de-les-macollades-i-inauguracion-de-la-exposicio-permanent-adeu-al-mon-rural\/#primaryimage"},"image":{"@id":"https:\/\/turisme.olocau.es\/ca\/ruta-de-les-macollades-i-inauguracion-de-la-exposicio-permanent-adeu-al-mon-rural\/#primaryimage"},"thumbnailUrl":"https:\/\/turisme.olocau.es\/wp-content\/uploads\/2025\/02\/Cartell-Ruta-de-les-Macollades-1-1-e1741780602113.jpg","datePublished":"2025-02-19T13:39:41+00:00","dateModified":"2025-03-12T11:59:58+00:00","description":"Jornada on es posar\u00e0 de rellev\u00e0ncia el m\u00f3n rural olocau\u00ed des dels inicis del segle XXI fins a l'actualitat.","breadcrumb":{"@id":"https:\/\/turisme.olocau.es\/ca\/ruta-de-les-macollades-i-inauguracion-de-la-exposicio-permanent-adeu-al-mon-rural\/#breadcrumb"},"inLanguage":"val","potentialAction":[{"@type":"ReadAction","target":["https:\/\/turisme.olocau.es\/ca\/ruta-de-les-macollades-i-inauguracion-de-la-exposicio-permanent-adeu-al-mon-rural\/"]}]},{"@type":"ImageObject","inLanguage":"val","@id":"https:\/\/turisme.olocau.es\/ca\/ruta-de-les-macollades-i-inauguracion-de-la-exposicio-permanent-adeu-al-mon-rural\/#primaryimage","url":"https:\/\/turisme.olocau.es\/wp-content\/uploads\/2025\/02\/Cartell-Ruta-de-les-Macollades-1-1-e1741780602113.jpg","contentUrl":"https:\/\/turisme.olocau.es\/wp-content\/uploads\/2025\/02\/Cartell-Ruta-de-les-Macollades-1-1-e1741780602113.jpg","width":1587,"height":2245},{"@type":"BreadcrumbList","@id":"https:\/\/turisme.olocau.es\/ca\/ruta-de-les-macollades-i-inauguracion-de-la-exposicio-permanent-adeu-al-mon-rural\/#breadcrumb","itemListElement":[{"@type":"ListItem","position":1,"name":"Portada","item":"https:\/\/turisme.olocau.es\/ca\/"},{"@type":"ListItem","position":2,"name":"Ruta de les Macollades i inauguraci\u00f3n de la exposici\u00f3 permanent \u2018Ad\u00e9u al m\u00f3n rural?\u2019"}]},{"@type":"WebSite","@id":"https:\/\/turisme.olocau.es\/ca\/#website","url":"https:\/\/turisme.olocau.es\/ca\/","name":"Turismo Olocau","description":"Visita Olocau","publisher":{"@id":"https:\/\/turisme.olocau.es\/ca\/#organization"},"potentialAction":[{"@type":"SearchAction","target":{"@type":"EntryPoint","urlTemplate":"https:\/\/turisme.olocau.es\/ca\/?s={search_term_string}"},"query-input":{"@type":"PropertyValueSpecification","valueRequired":true,"valueName":"search_term_string"}}],"inLanguage":"val"},{"@type":"Organization","@id":"https:\/\/turisme.olocau.es\/ca\/#organization","name":"Turismo Olocau","url":"https:\/\/turisme.olocau.es\/ca\/","logo":{"@type":"ImageObject","inLanguage":"val","@id":"https:\/\/turisme.olocau.es\/ca\/#\/schema\/logo\/image\/","url":"https:\/\/turisme.olocau.es\/wp-content\/uploads\/2022\/07\/Logo-Olocau-turismo_color.png","contentUrl":"https:\/\/turisme.olocau.es\/wp-content\/uploads\/2022\/07\/Logo-Olocau-turismo_color.png","width":300,"height":123,"caption":"Turismo Olocau"},"image":{"@id":"https:\/\/turisme.olocau.es\/ca\/#\/schema\/logo\/image\/"},"sameAs":["https:\/\/www.facebook.com\/Turisme-Olocau-110345021644060","https:\/\/x.com\/turismeolocau","https:\/\/www.instagram.com\/turismeolocau\/"]},{"@type":"Person","@id":"https:\/\/turisme.olocau.es\/ca\/#\/schema\/person\/fcd88087213846e1eb87eb573fd29a6a","name":"Turismo-Olocau","image":{"@type":"ImageObject","inLanguage":"val","@id":"https:\/\/secure.gravatar.com\/avatar\/7875a6075f0b83e0505d4162d1c90fd9fa0a65f87d4df3dc64c422d3e8f2c465?s=96&d=mm&r=g","url":"https:\/\/secure.gravatar.com\/avatar\/7875a6075f0b83e0505d4162d1c90fd9fa0a65f87d4df3dc64c422d3e8f2c465?s=96&d=mm&r=g","contentUrl":"https:\/\/secure.gravatar.com\/avatar\/7875a6075f0b83e0505d4162d1c90fd9fa0a65f87d4df3dc64c422d3e8f2c465?s=96&d=mm&r=g","caption":"Turismo-Olocau"},"url":"https:\/\/turisme.olocau.es\/ca\/author\/turismo-olocau\/"}]}},"_wpml_word_count":"","_edit_lock":"1741780804:2","_thumbnail_id":"10743","_elementor_edit_mode":"builder","_elementor_template_type":"wp-post","_elementor_version":"3.27.6","_elementor_pro_version":"3.26.3","_wp_page_template":"default","_elementor_data":"[{\"id\":\"0a60155\",\"elType\":\"section\",\"settings\":[],\"elements\":[{\"id\":\"badb391\",\"elType\":\"column\",\"settings\":{\"_column_size\":100,\"_inline_size\":null},\"elements\":[{\"id\":\"c913f6c\",\"elType\":\"section\",\"settings\":{\"structure\":\"20\",\"margin\":{\"unit\":\"px\",\"top\":\"0\",\"right\":0,\"bottom\":\"10\",\"left\":0,\"isLinked\":false}},\"elements\":[{\"id\":\"37ae37f\",\"elType\":\"column\",\"settings\":{\"_column_size\":50,\"_inline_size\":20.851,\"padding\":{\"unit\":\"px\",\"top\":\"0\",\"right\":\"0\",\"bottom\":\"0\",\"left\":\"0\",\"isLinked\":true}},\"elements\":[{\"id\":\"fa37756\",\"elType\":\"widget\",\"settings\":{\"editor\":\"<p>DATA DE L'ESDEVENIMENT:<\\\/p>\\n\",\"typography_typography\":\"custom\",\"typography_font_family\":\"Montserrat\",\"typography_font_size\":{\"unit\":\"px\",\"size\":15,\"sizes\":[]},\"typography_font_weight\":\"600\",\"_element_width\":\"initial\",\"_element_custom_width\":{\"unit\":\"%\",\"size\":84.117}},\"elements\":[],\"widgetType\":\"text-editor\"}],\"isInner\":true},{\"id\":\"b9fe006\",\"elType\":\"column\",\"settings\":{\"_column_size\":50,\"_inline_size\":79.149,\"padding\":{\"unit\":\"px\",\"top\":\"0\",\"right\":\"0\",\"bottom\":\"0\",\"left\":\"0\",\"isLinked\":true}},\"elements\":[{\"id\":\"1593650\",\"elType\":\"widget\",\"settings\":{\"editor\":\"<p><span data-olk-copy-source=\\\"MessageBody\\\">Diumenge 23 de mar\\u00e7, a les 10:00 i a les 13:00 hores, respectivament.<\\\/span><\\\/p>\",\"typography_typography\":\"custom\",\"typography_font_family\":\"Montserrat\",\"typography_font_size\":{\"unit\":\"px\",\"size\":15,\"sizes\":[]},\"typography_font_weight\":\"600\",\"__globals__\":{\"text_color\":\"globals\\\/colors?id=primary\"},\"_element_width\":\"initial\",\"_element_custom_width\":{\"unit\":\"%\",\"size\":86.521}},\"elements\":[],\"widgetType\":\"text-editor\"}],\"isInner\":true}],\"isInner\":true},{\"id\":\"e3d89a9\",\"elType\":\"widget\",\"settings\":{\"editor\":\"<div class=\\\"x_elementToProof\\\" data-olk-copy-source=\\\"MessageBody\\\">En primer lloc, amb la Ruta de les Macollades que es realitzar\\u00e0 amb l'historiador Francesc Rozal\\u00e9n a partir de les 10:00 hores des de la Pla\\u00e7a Major. Un itinerari de dos hores de dificultat baixa per a gaudir de les ic\\u00f2niques garroferes monumentals d'Olocau i del magn\\u00edfic paisatge que les envolta.<\\\/div><div data-olk-copy-source=\\\"MessageBody\\\">\\u00a0<\\\/div><div class=\\\"x_elementToProof\\\">I, a continuaci\\u00f3, a les 13:00 hores, a la Casa de la Senyoria, s'inaugurar\\u00e0 una exposici\\u00f3 permanent que posa l'accent sobre les transformacions i els canvis experimentats en l'agricultura de la nostra comarca en el segle XX, i que ret homenatge a totes les persones que s'han dedicat a este sector. La mostra, realitzada entre 2001 i 2002, ofereix una panor\\u00e0mica de l'evoluci\\u00f3 d'aspectes com els oficis, els cultius o el paisatge rural, i cobra especial rellev\\u00e0ncia en l'actualitat davant la situaci\\u00f3 que es viu hui en dia en el camp.<\\\/div>\"},\"elements\":[],\"widgetType\":\"text-editor\"}],\"isInner\":false}],\"isInner\":false},{\"id\":\"de889cc\",\"elType\":\"section\",\"settings\":{\"structure\":\"20\"},\"elements\":[{\"id\":\"9a58795\",\"elType\":\"column\",\"settings\":{\"_column_size\":50,\"_inline_size\":null},\"elements\":[{\"id\":\"da30599\",\"elType\":\"widget\",\"settings\":{\"image\":{\"url\":\"https:\\\/\\\/turisme.olocau.es\\\/wp-content\\\/uploads\\\/2025\\\/02\\\/Cartell-Ruta-de-les-Macollades-1-2.jpg\",\"id\":10746,\"size\":\"\",\"alt\":\"\",\"source\":\"library\"}},\"elements\":[],\"widgetType\":\"image\"}],\"isInner\":false},{\"id\":\"c33315d\",\"elType\":\"column\",\"settings\":{\"_column_size\":50,\"_inline_size\":null},\"elements\":[{\"id\":\"0a2f01e\",\"elType\":\"widget\",\"settings\":{\"image\":{\"url\":\"https:\\\/\\\/turisme.olocau.es\\\/wp-content\\\/uploads\\\/2025\\\/02\\\/Cartell-inauguracio-exposicio-Adeu-al-mon-rural-2.jpg\",\"id\":10740,\"size\":\"\",\"alt\":\"\",\"source\":\"library\"}},\"elements\":[],\"widgetType\":\"image\"}],\"isInner\":false}],\"isInner\":false}]","_elementor_page_assets":{"scripts":["elementor-frontend"],"styles":["widget-image"]},"_elementor_controls_usage":{"text-editor":{"count":3,"control_percent":0,"controls":{"content":{"section_editor":{"editor":3}},"style":{"section_style":{"typography_typography":2,"typography_font_family":2,"typography_font_size":2,"typography_font_weight":2}},"advanced":{"_section_style":{"_element_width":2,"_element_custom_width":2}}}},"column":{"count":5,"control_percent":0,"controls":{"layout":{"layout":{"_inline_size":5}},"advanced":{"section_advanced":{"padding":2}}}},"section":{"count":3,"control_percent":0,"controls":{"layout":{"section_structure":{"structure":2}},"advanced":{"section_advanced":{"margin":1}}}},"image":{"count":2,"control_percent":0,"controls":{"content":{"section_image":{"image":2}}}}},"_edit_last":"","_yoast_wpseo_content_score":"60","_yoast_wpseo_estimated-reading-time-minutes":"2","_yoast_wpseo_wordproof_timestamp":"","_wp_old_slug":"","_wpml_media_featured":"","_wpml_media_duplicate":"","_cdp_origin":"","_cdp_origin_site":"","_cdp_origin_title":"","_cdp_counter":"","_links":{"self":[{"href":"https:\/\/turisme.olocau.es\/ca\/wp-json\/wp\/v2\/posts\/10673","targetHints":{"allow":["GET"]}}],"collection":[{"href":"https:\/\/turisme.olocau.es\/ca\/wp-json\/wp\/v2\/posts"}],"about":[{"href":"https:\/\/turisme.olocau.es\/ca\/wp-json\/wp\/v2\/types\/post"}],"author":[{"embeddable":true,"href":"https:\/\/turisme.olocau.es\/ca\/wp-json\/wp\/v2\/users\/2"}],"replies":[{"embeddable":true,"href":"https:\/\/turisme.olocau.es\/ca\/wp-json\/wp\/v2\/comments?post=10673"}],"version-history":[{"count":7,"href":"https:\/\/turisme.olocau.es\/ca\/wp-json\/wp\/v2\/posts\/10673\/revisions"}],"predecessor-version":[{"id":10757,"href":"https:\/\/turisme.olocau.es\/ca\/wp-json\/wp\/v2\/posts\/10673\/revisions\/10757"}],"wp:featuredmedia":[{"embeddable":true,"href":"https:\/\/turisme.olocau.es\/ca\/wp-json\/wp\/v2\/media\/10743"}],"wp:attachment":[{"href":"https:\/\/turisme.olocau.es\/ca\/wp-json\/wp\/v2\/media?parent=10673"}],"curies":[{"name":"wp","href":"https:\/\/api.w.org\/{rel}","templated":true}]}}