{"id":10654,"date":"2025-02-13T13:47:31","date_gmt":"2025-02-13T13:47:31","guid":{"rendered":"https:\/\/turisme.olocau.es\/les-dones-a-la-prehistoria\/"},"modified":"2025-02-13T13:55:53","modified_gmt":"2025-02-13T13:55:53","slug":"les-dones-a-la-prehistoria","status":"publish","type":"post","link":"https:\/\/turisme.olocau.es\/ca\/les-dones-a-la-prehistoria\/","title":{"rendered":"Les Dones a la Prehist\u00f2ria"},"content":{"rendered":"\t\t<div data-elementor-type=\"wp-post\" data-elementor-id=\"10654\" class=\"elementor elementor-10654 elementor-10643\" data-elementor-post-type=\"post\">\n\t\t\t\t\t\t<section class=\"elementor-section elementor-top-section elementor-element elementor-element-0a60155 elementor-section-boxed elementor-section-height-default elementor-section-height-default\" data-id=\"0a60155\" data-element_type=\"section\" data-e-type=\"section\">\n\t\t\t\t\t\t<div class=\"elementor-container elementor-column-gap-default\">\n\t\t\t\t\t<div class=\"elementor-column elementor-col-100 elementor-top-column elementor-element elementor-element-badb391\" data-id=\"badb391\" data-element_type=\"column\" data-e-type=\"column\">\n\t\t\t<div class=\"elementor-widget-wrap elementor-element-populated\">\n\t\t\t\t\t\t<section class=\"elementor-section elementor-inner-section elementor-element elementor-element-c913f6c elementor-section-boxed elementor-section-height-default elementor-section-height-default\" data-id=\"c913f6c\" data-element_type=\"section\" data-e-type=\"section\">\n\t\t\t\t\t\t<div class=\"elementor-container elementor-column-gap-default\">\n\t\t\t\t\t<div class=\"elementor-column elementor-col-50 elementor-inner-column elementor-element elementor-element-37ae37f\" data-id=\"37ae37f\" data-element_type=\"column\" data-e-type=\"column\">\n\t\t\t<div class=\"elementor-widget-wrap elementor-element-populated\">\n\t\t\t\t\t\t<div class=\"elementor-element elementor-element-fa37756 elementor-widget__width-initial elementor-widget elementor-widget-text-editor\" data-id=\"fa37756\" data-element_type=\"widget\" data-e-type=\"widget\" data-widget_type=\"text-editor.default\">\n\t\t\t\t<div class=\"elementor-widget-container\">\n\t\t\t\t\t\t\t\t\t<p>DATA DE L&#8217;ESDEVENIMENT:<\/p>\n\t\t\t\t\t\t\t\t<\/div>\n\t\t\t\t<\/div>\n\t\t\t\t\t<\/div>\n\t\t<\/div>\n\t\t\t\t<div class=\"elementor-column elementor-col-50 elementor-inner-column elementor-element elementor-element-b9fe006\" data-id=\"b9fe006\" data-element_type=\"column\" data-e-type=\"column\">\n\t\t\t<div class=\"elementor-widget-wrap elementor-element-populated\">\n\t\t\t\t\t\t<div class=\"elementor-element elementor-element-1593650 elementor-widget__width-initial elementor-widget elementor-widget-text-editor\" data-id=\"1593650\" data-element_type=\"widget\" data-e-type=\"widget\" data-widget_type=\"text-editor.default\">\n\t\t\t\t<div class=\"elementor-widget-container\">\n\t\t\t\t\t\t\t\t\t<p><span data-olk-copy-source=\"MessageBody\">divendres 28 de febrer, a les 18:30 hores, a l&#8217;Aljub de la Torre de Pardines.<\/span><\/p>\n\t\t\t\t\t\t\t\t<\/div>\n\t\t\t\t<\/div>\n\t\t\t\t\t<\/div>\n\t\t<\/div>\n\t\t\t\t\t<\/div>\n\t\t<\/section>\n\t\t\t\t<div class=\"elementor-element elementor-element-e3d89a9 elementor-widget elementor-widget-text-editor\" data-id=\"e3d89a9\" data-element_type=\"widget\" data-e-type=\"widget\" data-widget_type=\"text-editor.default\">\n\t\t\t\t<div class=\"elementor-widget-container\">\n\t\t\t\t\t\t\t\t\t<div class=\"x_elementToProof\" data-olk-copy-source=\"MessageBody\">Una mostra que destaca el protagonisme de la dona al llarg de la Prehist\u00f2ria enfront de la seua pres\u00e8ncia quasi nul\u00b7la en la major part dels textos i de les imatges d&#8217;exposicions divulgatives dedicades a esta \u00e8poca.<\/div><div data-olk-copy-source=\"MessageBody\">\u00a0<\/div><div class=\"x_elementToProof\">Per a aix\u00f2, posa l&#8217;accent en aspectes com el paper que exercien les dones en les activitats econ\u00f2miques i de manteniment per a sobreviure, en la representaci\u00f3 de la seua imatge en les figures i en l&#8217;art rupestre llevant\u00ed, i en la seua import\u00e0ncia en la socialitzaci\u00f3 i la transmissi\u00f3 de valors i coneixements.<\/div><div>\u00a0<\/div><div class=\"x_elementToProof\">L&#8217;esdeveniment, que finalitzar\u00e0 amb un vi d&#8217;honor per als assistents, forma part del programa d&#8217;actes pel 8M, Dia Internacional de la Dona, i est\u00e0 organitzat per la Regidoria d&#8217;Igualtat i Dona i el Museu de Prehist\u00f2ria de Val\u00e8ncia. L&#8217;exposici\u00f3 es podr\u00e0 visitar fins al 13 d&#8217;abril, en horari de dimecres a diumenge, de 09:00 a 15:00 hores.<\/div>\t\t\t\t\t\t\t\t<\/div>\n\t\t\t\t<\/div>\n\t\t\t\t\t<\/div>\n\t\t<\/div>\n\t\t\t\t\t<\/div>\n\t\t<\/section>\n\t\t\t\t<section class=\"elementor-section elementor-top-section elementor-element elementor-element-36f708a elementor-section-boxed elementor-section-height-default elementor-section-height-default\" data-id=\"36f708a\" data-element_type=\"section\" data-e-type=\"section\">\n\t\t\t\t\t\t<div class=\"elementor-container elementor-column-gap-default\">\n\t\t\t\t\t<div class=\"elementor-column elementor-col-100 elementor-top-column elementor-element elementor-element-7fe2b3f\" data-id=\"7fe2b3f\" data-element_type=\"column\" data-e-type=\"column\">\n\t\t\t<div class=\"elementor-widget-wrap elementor-element-populated\">\n\t\t\t\t\t\t<div class=\"elementor-element elementor-element-accbf6c elementor-widget elementor-widget-image\" data-id=\"accbf6c\" data-element_type=\"widget\" data-e-type=\"widget\" data-widget_type=\"image.default\">\n\t\t\t\t<div class=\"elementor-widget-container\">\n\t\t\t\t\t\t\t\t\t\t\t\t<figure class=\"wp-caption\">\n\t\t\t\t\t\t\t\t\t\t\t<a href=\"https:\/\/mupreva.org\/exposiciones\/38\/es\">\n\t\t\t\t\t\t\t<img decoding=\"async\" src=\"https:\/\/turisme.olocau.es\/wp-content\/uploads\/elementor\/thumbs\/Cartell-inauguracio-exposicio-Les-dones-en-la-Prehistoria-Olocau-1-r1g54q5oo8xsjmvpld3ulmbwctkrv7ncwuwifb1w5c.jpg\" title=\"Cartell inauguraci\u00f3 exposici\u00f3 Les dones en la Prehist\u00f2ria Olocau\" alt=\"Cartell inauguraci\u00f3 exposici\u00f3 Les dones en la Prehist\u00f2ria Olocau\" loading=\"lazy\" \/>\t\t\t\t\t\t\t\t<\/a>\n\t\t\t\t\t\t\t\t\t\t\t<figcaption class=\"widget-image-caption wp-caption-text\">Cartell Les Dones a la Prehist\u00f2ria<\/figcaption>\n\t\t\t\t\t\t\t\t\t\t<\/figure>\n\t\t\t\t\t\t\t\t\t<\/div>\n\t\t\t\t<\/div>\n\t\t\t\t\t<\/div>\n\t\t<\/div>\n\t\t\t\t\t<\/div>\n\t\t<\/section>\n\t\t\t\t<section class=\"elementor-section elementor-top-section elementor-element elementor-element-aa6fb80 elementor-section-boxed elementor-section-height-default elementor-section-height-default\" data-id=\"aa6fb80\" data-element_type=\"section\" data-e-type=\"section\">\n\t\t\t\t\t\t<div class=\"elementor-container elementor-column-gap-default\">\n\t\t\t\t\t<div class=\"elementor-column elementor-col-100 elementor-top-column elementor-element elementor-element-c7f152e\" data-id=\"c7f152e\" data-element_type=\"column\" data-e-type=\"column\">\n\t\t\t<div class=\"elementor-widget-wrap elementor-element-populated\">\n\t\t\t\t\t\t<div class=\"elementor-element elementor-element-ff3f829 elementor-button-info elementor-align-center elementor-widget elementor-widget-button\" data-id=\"ff3f829\" data-element_type=\"widget\" data-e-type=\"widget\" data-widget_type=\"button.default\">\n\t\t\t\t<div class=\"elementor-widget-container\">\n\t\t\t\t\t\t\t\t\t<div class=\"elementor-button-wrapper\">\n\t\t\t\t\t<a class=\"elementor-button elementor-button-link elementor-size-sm\" href=\"https:\/\/mupreva.org\/pub\/303\/va\">\n\t\t\t\t\t\t<span class=\"elementor-button-content-wrapper\">\n\t\t\t\t\t\t\t\t\t<span class=\"elementor-button-text\">Publicaci\u00f3 de l'Exposici\u00f3n<\/span>\n\t\t\t\t\t<\/span>\n\t\t\t\t\t<\/a>\n\t\t\t\t<\/div>\n\t\t\t\t\t\t\t\t<\/div>\n\t\t\t\t<\/div>\n\t\t\t\t\t<\/div>\n\t\t<\/div>\n\t\t\t\t\t<\/div>\n\t\t<\/section>\n\t\t\t\t<\/div>\n\t\t","protected":false},"excerpt":{"rendered":"<p>Exposici\u00f3 remarcant el paper de les dones a la prehist\u00f2ria i el perqu\u00e8 de la seua abse\u00e8ncia als textos hist\u00f2rics.<\/p>\n","protected":false},"author":2,"featured_media":10645,"comment_status":"open","ping_status":"open","sticky":false,"template":"","format":"standard","meta":{"om_disable_all_campaigns":false,"_monsterinsights_skip_tracking":false,"_monsterinsights_sitenote_active":false,"_monsterinsights_sitenote_note":"","_monsterinsights_sitenote_category":0,"_uf_show_specific_survey":0,"_uf_disable_surveys":false,"footnotes":""},"class_list":["post-10654","post","type-post","status-publish","format-standard","has-post-thumbnail","hentry","category-eventos","tag-festes-sant-antoni-abat-olocau-2025-ca"],"yoast_head":"<!-- This site is optimized with the Yoast SEO plugin v27.4 - https:\/\/yoast.com\/product\/yoast-seo-wordpress\/ -->\n<title>Les Dones a la Prehist\u00f2ria - Turismo Olocau<\/title>\n<meta name=\"description\" content=\"Una mostra que destaca el protagonisme de la dona al llarg de la Prehist\u00f2ria enfront de la seua pres\u00e8ncia quasi nul\u00b7la en la major part dels textos i de les imatges d&#039;exposicions divulgatives dedicades a esta \u00e8poca.\" \/>\n<meta name=\"robots\" content=\"index, follow, max-snippet:-1, max-image-preview:large, max-video-preview:-1\" \/>\n<link rel=\"canonical\" href=\"https:\/\/turisme.olocau.es\/ca\/les-dones-a-la-prehistoria\/\" \/>\n<meta property=\"og:locale\" content=\"en_US\" \/>\n<meta property=\"og:type\" content=\"article\" \/>\n<meta property=\"og:title\" content=\"Les Dones a la Prehist\u00f2ria - Turismo Olocau\" \/>\n<meta property=\"og:description\" content=\"Una mostra que destaca el protagonisme de la dona al llarg de la Prehist\u00f2ria enfront de la seua pres\u00e8ncia quasi nul\u00b7la en la major part dels textos i de les imatges d&#039;exposicions divulgatives dedicades a esta \u00e8poca.\" \/>\n<meta property=\"og:url\" content=\"https:\/\/turisme.olocau.es\/ca\/les-dones-a-la-prehistoria\/\" \/>\n<meta property=\"og:site_name\" content=\"Turismo Olocau\" \/>\n<meta property=\"article:publisher\" content=\"https:\/\/www.facebook.com\/Turisme-Olocau-110345021644060\" \/>\n<meta property=\"article:published_time\" content=\"2025-02-13T13:47:31+00:00\" \/>\n<meta property=\"article:modified_time\" content=\"2025-02-13T13:55:53+00:00\" \/>\n<meta property=\"og:image\" content=\"https:\/\/turisme.olocau.es\/wp-content\/uploads\/2025\/02\/Cartell-inauguracio-exposicio-Les-dones-en-la-Prehistoria-Olocau-e1739454071587.jpg\" \/>\n\t<meta property=\"og:image:width\" content=\"1131\" \/>\n\t<meta property=\"og:image:height\" content=\"1600\" \/>\n\t<meta property=\"og:image:type\" content=\"image\/jpeg\" \/>\n<meta name=\"author\" content=\"Turismo-Olocau\" \/>\n<meta name=\"twitter:card\" content=\"summary_large_image\" \/>\n<meta name=\"twitter:creator\" content=\"@turismeolocau\" \/>\n<meta name=\"twitter:site\" content=\"@turismeolocau\" \/>\n<meta name=\"twitter:label1\" content=\"Written by\" \/>\n\t<meta name=\"twitter:data1\" content=\"Turismo-Olocau\" \/>\n\t<meta name=\"twitter:label2\" content=\"Est. reading time\" \/>\n\t<meta name=\"twitter:data2\" content=\"2 minutes\" \/>\n<script type=\"application\/ld+json\" class=\"yoast-schema-graph\">{\"@context\":\"https:\\\/\\\/schema.org\",\"@graph\":[{\"@type\":\"Article\",\"@id\":\"https:\\\/\\\/turisme.olocau.es\\\/ca\\\/les-dones-a-la-prehistoria\\\/#article\",\"isPartOf\":{\"@id\":\"https:\\\/\\\/turisme.olocau.es\\\/ca\\\/les-dones-a-la-prehistoria\\\/\"},\"author\":{\"name\":\"Turismo-Olocau\",\"@id\":\"https:\\\/\\\/turisme.olocau.es\\\/ca\\\/#\\\/schema\\\/person\\\/fcd88087213846e1eb87eb573fd29a6a\"},\"headline\":\"Les Dones a la Prehist\u00f2ria\",\"datePublished\":\"2025-02-13T13:47:31+00:00\",\"dateModified\":\"2025-02-13T13:55:53+00:00\",\"mainEntityOfPage\":{\"@id\":\"https:\\\/\\\/turisme.olocau.es\\\/ca\\\/les-dones-a-la-prehistoria\\\/\"},\"wordCount\":197,\"commentCount\":0,\"publisher\":{\"@id\":\"https:\\\/\\\/turisme.olocau.es\\\/ca\\\/#organization\"},\"image\":{\"@id\":\"https:\\\/\\\/turisme.olocau.es\\\/ca\\\/les-dones-a-la-prehistoria\\\/#primaryimage\"},\"thumbnailUrl\":\"https:\\\/\\\/turisme.olocau.es\\\/wp-content\\\/uploads\\\/2025\\\/02\\\/Cartell-inauguracio-exposicio-Les-dones-en-la-Prehistoria-Olocau-e1739454071587.jpg\",\"keywords\":[\"Festes Sant Antoni Abat Olocau 2025\"],\"articleSection\":[\"Eventos\"],\"inLanguage\":\"val\",\"potentialAction\":[{\"@type\":\"CommentAction\",\"name\":\"Comment\",\"target\":[\"https:\\\/\\\/turisme.olocau.es\\\/ca\\\/les-dones-a-la-prehistoria\\\/#respond\"]}]},{\"@type\":\"WebPage\",\"@id\":\"https:\\\/\\\/turisme.olocau.es\\\/ca\\\/les-dones-a-la-prehistoria\\\/\",\"url\":\"https:\\\/\\\/turisme.olocau.es\\\/ca\\\/les-dones-a-la-prehistoria\\\/\",\"name\":\"Les Dones a la Prehist\u00f2ria - Turismo Olocau\",\"isPartOf\":{\"@id\":\"https:\\\/\\\/turisme.olocau.es\\\/ca\\\/#website\"},\"primaryImageOfPage\":{\"@id\":\"https:\\\/\\\/turisme.olocau.es\\\/ca\\\/les-dones-a-la-prehistoria\\\/#primaryimage\"},\"image\":{\"@id\":\"https:\\\/\\\/turisme.olocau.es\\\/ca\\\/les-dones-a-la-prehistoria\\\/#primaryimage\"},\"thumbnailUrl\":\"https:\\\/\\\/turisme.olocau.es\\\/wp-content\\\/uploads\\\/2025\\\/02\\\/Cartell-inauguracio-exposicio-Les-dones-en-la-Prehistoria-Olocau-e1739454071587.jpg\",\"datePublished\":\"2025-02-13T13:47:31+00:00\",\"dateModified\":\"2025-02-13T13:55:53+00:00\",\"description\":\"Una mostra que destaca el protagonisme de la dona al llarg de la Prehist\u00f2ria enfront de la seua pres\u00e8ncia quasi nul\u00b7la en la major part dels textos i de les imatges d'exposicions divulgatives dedicades a esta \u00e8poca.\",\"breadcrumb\":{\"@id\":\"https:\\\/\\\/turisme.olocau.es\\\/ca\\\/les-dones-a-la-prehistoria\\\/#breadcrumb\"},\"inLanguage\":\"val\",\"potentialAction\":[{\"@type\":\"ReadAction\",\"target\":[\"https:\\\/\\\/turisme.olocau.es\\\/ca\\\/les-dones-a-la-prehistoria\\\/\"]}]},{\"@type\":\"ImageObject\",\"inLanguage\":\"val\",\"@id\":\"https:\\\/\\\/turisme.olocau.es\\\/ca\\\/les-dones-a-la-prehistoria\\\/#primaryimage\",\"url\":\"https:\\\/\\\/turisme.olocau.es\\\/wp-content\\\/uploads\\\/2025\\\/02\\\/Cartell-inauguracio-exposicio-Les-dones-en-la-Prehistoria-Olocau-e1739454071587.jpg\",\"contentUrl\":\"https:\\\/\\\/turisme.olocau.es\\\/wp-content\\\/uploads\\\/2025\\\/02\\\/Cartell-inauguracio-exposicio-Les-dones-en-la-Prehistoria-Olocau-e1739454071587.jpg\",\"width\":1131,\"height\":1600},{\"@type\":\"BreadcrumbList\",\"@id\":\"https:\\\/\\\/turisme.olocau.es\\\/ca\\\/les-dones-a-la-prehistoria\\\/#breadcrumb\",\"itemListElement\":[{\"@type\":\"ListItem\",\"position\":1,\"name\":\"Portada\",\"item\":\"https:\\\/\\\/turisme.olocau.es\\\/ca\\\/\"},{\"@type\":\"ListItem\",\"position\":2,\"name\":\"Les Dones a la Prehist\u00f2ria\"}]},{\"@type\":\"WebSite\",\"@id\":\"https:\\\/\\\/turisme.olocau.es\\\/ca\\\/#website\",\"url\":\"https:\\\/\\\/turisme.olocau.es\\\/ca\\\/\",\"name\":\"Turismo Olocau\",\"description\":\"Visita Olocau\",\"publisher\":{\"@id\":\"https:\\\/\\\/turisme.olocau.es\\\/ca\\\/#organization\"},\"potentialAction\":[{\"@type\":\"SearchAction\",\"target\":{\"@type\":\"EntryPoint\",\"urlTemplate\":\"https:\\\/\\\/turisme.olocau.es\\\/ca\\\/?s={search_term_string}\"},\"query-input\":{\"@type\":\"PropertyValueSpecification\",\"valueRequired\":true,\"valueName\":\"search_term_string\"}}],\"inLanguage\":\"val\"},{\"@type\":\"Organization\",\"@id\":\"https:\\\/\\\/turisme.olocau.es\\\/ca\\\/#organization\",\"name\":\"Turismo Olocau\",\"url\":\"https:\\\/\\\/turisme.olocau.es\\\/ca\\\/\",\"logo\":{\"@type\":\"ImageObject\",\"inLanguage\":\"val\",\"@id\":\"https:\\\/\\\/turisme.olocau.es\\\/ca\\\/#\\\/schema\\\/logo\\\/image\\\/\",\"url\":\"https:\\\/\\\/turisme.olocau.es\\\/wp-content\\\/uploads\\\/2022\\\/07\\\/Logo-Olocau-turismo_color.png\",\"contentUrl\":\"https:\\\/\\\/turisme.olocau.es\\\/wp-content\\\/uploads\\\/2022\\\/07\\\/Logo-Olocau-turismo_color.png\",\"width\":300,\"height\":123,\"caption\":\"Turismo Olocau\"},\"image\":{\"@id\":\"https:\\\/\\\/turisme.olocau.es\\\/ca\\\/#\\\/schema\\\/logo\\\/image\\\/\"},\"sameAs\":[\"https:\\\/\\\/www.facebook.com\\\/Turisme-Olocau-110345021644060\",\"https:\\\/\\\/x.com\\\/turismeolocau\",\"https:\\\/\\\/www.instagram.com\\\/turismeolocau\\\/\"]},{\"@type\":\"Person\",\"@id\":\"https:\\\/\\\/turisme.olocau.es\\\/ca\\\/#\\\/schema\\\/person\\\/fcd88087213846e1eb87eb573fd29a6a\",\"name\":\"Turismo-Olocau\",\"image\":{\"@type\":\"ImageObject\",\"inLanguage\":\"val\",\"@id\":\"https:\\\/\\\/secure.gravatar.com\\\/avatar\\\/7875a6075f0b83e0505d4162d1c90fd9fa0a65f87d4df3dc64c422d3e8f2c465?s=96&d=mm&r=g\",\"url\":\"https:\\\/\\\/secure.gravatar.com\\\/avatar\\\/7875a6075f0b83e0505d4162d1c90fd9fa0a65f87d4df3dc64c422d3e8f2c465?s=96&d=mm&r=g\",\"contentUrl\":\"https:\\\/\\\/secure.gravatar.com\\\/avatar\\\/7875a6075f0b83e0505d4162d1c90fd9fa0a65f87d4df3dc64c422d3e8f2c465?s=96&d=mm&r=g\",\"caption\":\"Turismo-Olocau\"},\"url\":\"https:\\\/\\\/turisme.olocau.es\\\/ca\\\/author\\\/turismo-olocau\\\/\"}]}<\/script>\n<!-- \/ Yoast SEO plugin. -->","yoast_head_json":{"title":"Les Dones a la Prehist\u00f2ria - Turismo Olocau","description":"Una mostra que destaca el protagonisme de la dona al llarg de la Prehist\u00f2ria enfront de la seua pres\u00e8ncia quasi nul\u00b7la en la major part dels textos i de les imatges d'exposicions divulgatives dedicades a esta \u00e8poca.","robots":{"index":"index","follow":"follow","max-snippet":"max-snippet:-1","max-image-preview":"max-image-preview:large","max-video-preview":"max-video-preview:-1"},"canonical":"https:\/\/turisme.olocau.es\/ca\/les-dones-a-la-prehistoria\/","og_locale":"en_US","og_type":"article","og_title":"Les Dones a la Prehist\u00f2ria - Turismo Olocau","og_description":"Una mostra que destaca el protagonisme de la dona al llarg de la Prehist\u00f2ria enfront de la seua pres\u00e8ncia quasi nul\u00b7la en la major part dels textos i de les imatges d'exposicions divulgatives dedicades a esta \u00e8poca.","og_url":"https:\/\/turisme.olocau.es\/ca\/les-dones-a-la-prehistoria\/","og_site_name":"Turismo Olocau","article_publisher":"https:\/\/www.facebook.com\/Turisme-Olocau-110345021644060","article_published_time":"2025-02-13T13:47:31+00:00","article_modified_time":"2025-02-13T13:55:53+00:00","og_image":[{"width":1131,"height":1600,"url":"https:\/\/turisme.olocau.es\/wp-content\/uploads\/2025\/02\/Cartell-inauguracio-exposicio-Les-dones-en-la-Prehistoria-Olocau-e1739454071587.jpg","type":"image\/jpeg"}],"author":"Turismo-Olocau","twitter_card":"summary_large_image","twitter_creator":"@turismeolocau","twitter_site":"@turismeolocau","twitter_misc":{"Written by":"Turismo-Olocau","Est. reading time":"2 minutes"},"schema":{"@context":"https:\/\/schema.org","@graph":[{"@type":"Article","@id":"https:\/\/turisme.olocau.es\/ca\/les-dones-a-la-prehistoria\/#article","isPartOf":{"@id":"https:\/\/turisme.olocau.es\/ca\/les-dones-a-la-prehistoria\/"},"author":{"name":"Turismo-Olocau","@id":"https:\/\/turisme.olocau.es\/ca\/#\/schema\/person\/fcd88087213846e1eb87eb573fd29a6a"},"headline":"Les Dones a la Prehist\u00f2ria","datePublished":"2025-02-13T13:47:31+00:00","dateModified":"2025-02-13T13:55:53+00:00","mainEntityOfPage":{"@id":"https:\/\/turisme.olocau.es\/ca\/les-dones-a-la-prehistoria\/"},"wordCount":197,"commentCount":0,"publisher":{"@id":"https:\/\/turisme.olocau.es\/ca\/#organization"},"image":{"@id":"https:\/\/turisme.olocau.es\/ca\/les-dones-a-la-prehistoria\/#primaryimage"},"thumbnailUrl":"https:\/\/turisme.olocau.es\/wp-content\/uploads\/2025\/02\/Cartell-inauguracio-exposicio-Les-dones-en-la-Prehistoria-Olocau-e1739454071587.jpg","keywords":["Festes Sant Antoni Abat Olocau 2025"],"articleSection":["Eventos"],"inLanguage":"val","potentialAction":[{"@type":"CommentAction","name":"Comment","target":["https:\/\/turisme.olocau.es\/ca\/les-dones-a-la-prehistoria\/#respond"]}]},{"@type":"WebPage","@id":"https:\/\/turisme.olocau.es\/ca\/les-dones-a-la-prehistoria\/","url":"https:\/\/turisme.olocau.es\/ca\/les-dones-a-la-prehistoria\/","name":"Les Dones a la Prehist\u00f2ria - Turismo Olocau","isPartOf":{"@id":"https:\/\/turisme.olocau.es\/ca\/#website"},"primaryImageOfPage":{"@id":"https:\/\/turisme.olocau.es\/ca\/les-dones-a-la-prehistoria\/#primaryimage"},"image":{"@id":"https:\/\/turisme.olocau.es\/ca\/les-dones-a-la-prehistoria\/#primaryimage"},"thumbnailUrl":"https:\/\/turisme.olocau.es\/wp-content\/uploads\/2025\/02\/Cartell-inauguracio-exposicio-Les-dones-en-la-Prehistoria-Olocau-e1739454071587.jpg","datePublished":"2025-02-13T13:47:31+00:00","dateModified":"2025-02-13T13:55:53+00:00","description":"Una mostra que destaca el protagonisme de la dona al llarg de la Prehist\u00f2ria enfront de la seua pres\u00e8ncia quasi nul\u00b7la en la major part dels textos i de les imatges d'exposicions divulgatives dedicades a esta \u00e8poca.","breadcrumb":{"@id":"https:\/\/turisme.olocau.es\/ca\/les-dones-a-la-prehistoria\/#breadcrumb"},"inLanguage":"val","potentialAction":[{"@type":"ReadAction","target":["https:\/\/turisme.olocau.es\/ca\/les-dones-a-la-prehistoria\/"]}]},{"@type":"ImageObject","inLanguage":"val","@id":"https:\/\/turisme.olocau.es\/ca\/les-dones-a-la-prehistoria\/#primaryimage","url":"https:\/\/turisme.olocau.es\/wp-content\/uploads\/2025\/02\/Cartell-inauguracio-exposicio-Les-dones-en-la-Prehistoria-Olocau-e1739454071587.jpg","contentUrl":"https:\/\/turisme.olocau.es\/wp-content\/uploads\/2025\/02\/Cartell-inauguracio-exposicio-Les-dones-en-la-Prehistoria-Olocau-e1739454071587.jpg","width":1131,"height":1600},{"@type":"BreadcrumbList","@id":"https:\/\/turisme.olocau.es\/ca\/les-dones-a-la-prehistoria\/#breadcrumb","itemListElement":[{"@type":"ListItem","position":1,"name":"Portada","item":"https:\/\/turisme.olocau.es\/ca\/"},{"@type":"ListItem","position":2,"name":"Les Dones a la Prehist\u00f2ria"}]},{"@type":"WebSite","@id":"https:\/\/turisme.olocau.es\/ca\/#website","url":"https:\/\/turisme.olocau.es\/ca\/","name":"Turismo Olocau","description":"Visita Olocau","publisher":{"@id":"https:\/\/turisme.olocau.es\/ca\/#organization"},"potentialAction":[{"@type":"SearchAction","target":{"@type":"EntryPoint","urlTemplate":"https:\/\/turisme.olocau.es\/ca\/?s={search_term_string}"},"query-input":{"@type":"PropertyValueSpecification","valueRequired":true,"valueName":"search_term_string"}}],"inLanguage":"val"},{"@type":"Organization","@id":"https:\/\/turisme.olocau.es\/ca\/#organization","name":"Turismo Olocau","url":"https:\/\/turisme.olocau.es\/ca\/","logo":{"@type":"ImageObject","inLanguage":"val","@id":"https:\/\/turisme.olocau.es\/ca\/#\/schema\/logo\/image\/","url":"https:\/\/turisme.olocau.es\/wp-content\/uploads\/2022\/07\/Logo-Olocau-turismo_color.png","contentUrl":"https:\/\/turisme.olocau.es\/wp-content\/uploads\/2022\/07\/Logo-Olocau-turismo_color.png","width":300,"height":123,"caption":"Turismo Olocau"},"image":{"@id":"https:\/\/turisme.olocau.es\/ca\/#\/schema\/logo\/image\/"},"sameAs":["https:\/\/www.facebook.com\/Turisme-Olocau-110345021644060","https:\/\/x.com\/turismeolocau","https:\/\/www.instagram.com\/turismeolocau\/"]},{"@type":"Person","@id":"https:\/\/turisme.olocau.es\/ca\/#\/schema\/person\/fcd88087213846e1eb87eb573fd29a6a","name":"Turismo-Olocau","image":{"@type":"ImageObject","inLanguage":"val","@id":"https:\/\/secure.gravatar.com\/avatar\/7875a6075f0b83e0505d4162d1c90fd9fa0a65f87d4df3dc64c422d3e8f2c465?s=96&d=mm&r=g","url":"https:\/\/secure.gravatar.com\/avatar\/7875a6075f0b83e0505d4162d1c90fd9fa0a65f87d4df3dc64c422d3e8f2c465?s=96&d=mm&r=g","contentUrl":"https:\/\/secure.gravatar.com\/avatar\/7875a6075f0b83e0505d4162d1c90fd9fa0a65f87d4df3dc64c422d3e8f2c465?s=96&d=mm&r=g","caption":"Turismo-Olocau"},"url":"https:\/\/turisme.olocau.es\/ca\/author\/turismo-olocau\/"}]}},"_wpml_word_count":"","_edit_lock":"1739454967:2","_thumbnail_id":"10645","_elementor_edit_mode":"builder","_elementor_template_type":"wp-post","_elementor_version":"3.27.3","_elementor_pro_version":"3.26.3","_wp_page_template":"default","_elementor_data":"[{\"id\":\"0a60155\",\"elType\":\"section\",\"settings\":[],\"elements\":[{\"id\":\"badb391\",\"elType\":\"column\",\"settings\":{\"_column_size\":100,\"_inline_size\":null},\"elements\":[{\"id\":\"c913f6c\",\"elType\":\"section\",\"settings\":{\"structure\":\"20\",\"margin\":{\"unit\":\"px\",\"top\":\"0\",\"right\":0,\"bottom\":\"10\",\"left\":0,\"isLinked\":false}},\"elements\":[{\"id\":\"37ae37f\",\"elType\":\"column\",\"settings\":{\"_column_size\":50,\"_inline_size\":20.851,\"padding\":{\"unit\":\"px\",\"top\":\"0\",\"right\":\"0\",\"bottom\":\"0\",\"left\":\"0\",\"isLinked\":true}},\"elements\":[{\"id\":\"fa37756\",\"elType\":\"widget\",\"settings\":{\"editor\":\"<p>DATA DE L'ESDEVENIMENT:<\\\/p>\\n\",\"typography_typography\":\"custom\",\"typography_font_family\":\"Montserrat\",\"typography_font_size\":{\"unit\":\"px\",\"size\":15,\"sizes\":[]},\"typography_font_weight\":\"600\",\"_element_width\":\"initial\",\"_element_custom_width\":{\"unit\":\"%\",\"size\":84.117}},\"elements\":[],\"widgetType\":\"text-editor\"}],\"isInner\":true},{\"id\":\"b9fe006\",\"elType\":\"column\",\"settings\":{\"_column_size\":50,\"_inline_size\":79.149,\"padding\":{\"unit\":\"px\",\"top\":\"0\",\"right\":\"0\",\"bottom\":\"0\",\"left\":\"0\",\"isLinked\":true}},\"elements\":[{\"id\":\"1593650\",\"elType\":\"widget\",\"settings\":{\"editor\":\"<p><span data-olk-copy-source=\\\"MessageBody\\\">divendres 28 de febrer, a les 18:30 hores, a l'Aljub de la Torre de Pardines.<\\\/span><\\\/p>\\n\",\"typography_typography\":\"custom\",\"typography_font_family\":\"Montserrat\",\"typography_font_size\":{\"unit\":\"px\",\"size\":15,\"sizes\":[]},\"typography_font_weight\":\"600\",\"__globals__\":{\"text_color\":\"globals\\\/colors?id=primary\"},\"_element_width\":\"initial\",\"_element_custom_width\":{\"unit\":\"%\",\"size\":86.521}},\"elements\":[],\"widgetType\":\"text-editor\"}],\"isInner\":true}],\"isInner\":true},{\"id\":\"e3d89a9\",\"elType\":\"widget\",\"settings\":{\"editor\":\"<div class=\\\"x_elementToProof\\\" data-olk-copy-source=\\\"MessageBody\\\">Una mostra que destaca el protagonisme de la dona al llarg de la Prehist\\u00f2ria enfront de la seua pres\\u00e8ncia quasi nul\\u00b7la en la major part dels textos i de les imatges d'exposicions divulgatives dedicades a esta \\u00e8poca.<\\\/div><div data-olk-copy-source=\\\"MessageBody\\\">\\u00a0<\\\/div><div class=\\\"x_elementToProof\\\">Per a aix\\u00f2, posa l'accent en aspectes com el paper que exercien les dones en les activitats econ\\u00f2miques i de manteniment per a sobreviure, en la representaci\\u00f3 de la seua imatge en les figures i en l'art rupestre llevant\\u00ed, i en la seua import\\u00e0ncia en la socialitzaci\\u00f3 i la transmissi\\u00f3 de valors i coneixements.<\\\/div><div>\\u00a0<\\\/div><div class=\\\"x_elementToProof\\\">L'esdeveniment, que finalitzar\\u00e0 amb un vi d'honor per als assistents, forma part del programa d'actes pel 8M, Dia Internacional de la Dona, i est\\u00e0 organitzat per la Regidoria d'Igualtat i Dona i el Museu de Prehist\\u00f2ria de Val\\u00e8ncia. L'exposici\\u00f3 es podr\\u00e0 visitar fins al 13 d'abril, en horari de dimecres a diumenge, de 09:00 a 15:00 hores.<\\\/div>\"},\"elements\":[],\"widgetType\":\"text-editor\"}],\"isInner\":false}],\"isInner\":false},{\"id\":\"36f708a\",\"elType\":\"section\",\"settings\":[],\"elements\":[{\"id\":\"7fe2b3f\",\"elType\":\"column\",\"settings\":{\"_column_size\":100,\"_inline_size\":null},\"elements\":[{\"id\":\"accbf6c\",\"elType\":\"widget\",\"settings\":{\"image\":{\"url\":\"https:\\\/\\\/turisme.olocau.es\\\/wp-content\\\/uploads\\\/2025\\\/02\\\/Cartell-inauguracio-exposicio-Les-dones-en-la-Prehistoria-Olocau-1.jpg\",\"id\":10647,\"size\":\"\",\"alt\":\"\",\"source\":\"library\"},\"image_size\":\"custom\",\"image_custom_dimension\":{\"width\":\"\",\"height\":\"600\"},\"caption_source\":\"custom\",\"caption\":\"Cartell Les Dones a la Prehist\\u00f2ria\",\"link_to\":\"custom\",\"link\":{\"url\":\"https:\\\/\\\/mupreva.org\\\/exposiciones\\\/38\\\/es\",\"is_external\":\"\",\"nofollow\":\"\",\"custom_attributes\":\"\"}},\"elements\":[],\"widgetType\":\"image\"}],\"isInner\":false}],\"isInner\":false},{\"id\":\"aa6fb80\",\"elType\":\"section\",\"settings\":[],\"elements\":[{\"id\":\"c7f152e\",\"elType\":\"column\",\"settings\":{\"_column_size\":100,\"_inline_size\":null},\"elements\":[{\"id\":\"ff3f829\",\"elType\":\"widget\",\"settings\":{\"button_type\":\"info\",\"text\":\"Publicaci\\u00f3 de l'Exposici\\u00f3n\",\"link\":{\"url\":\"https:\\\/\\\/mupreva.org\\\/pub\\\/303\\\/va\",\"is_external\":\"\",\"nofollow\":\"\",\"custom_attributes\":\"\"},\"align\":\"center\",\"background_color\":\"#D51F00\"},\"elements\":[],\"widgetType\":\"button\"}],\"isInner\":false}],\"isInner\":false}]","_elementor_page_assets":{"scripts":["elementor-frontend"],"styles":["widget-image"]},"_elementor_controls_usage":{"text-editor":{"count":3,"control_percent":0,"controls":{"content":{"section_editor":{"editor":3}},"style":{"section_style":{"typography_typography":2,"typography_font_family":2,"typography_font_size":2,"typography_font_weight":2}},"advanced":{"_section_style":{"_element_width":2,"_element_custom_width":2}}}},"column":{"count":5,"control_percent":0,"controls":{"layout":{"layout":{"_inline_size":5}},"advanced":{"section_advanced":{"padding":2}}}},"section":{"count":4,"control_percent":0,"controls":{"layout":{"section_structure":{"structure":1}},"advanced":{"section_advanced":{"margin":1}}}},"image":{"count":1,"control_percent":1,"controls":{"content":{"section_image":{"image":1,"image_size":1,"image_custom_dimension":1,"caption_source":1,"caption":1,"link_to":1,"link":1}}}},"button":{"count":1,"control_percent":1,"controls":{"content":{"section_button":{"button_type":1,"text":1,"link":1}},"style":{"section_style":{"align":1,"background_color":1}}}}},"_edit_last":"","_yoast_wpseo_content_score":"60","_yoast_wpseo_estimated-reading-time-minutes":"2","_yoast_wpseo_wordproof_timestamp":"","_wp_old_slug":"","_wpml_media_featured":"","_wpml_media_duplicate":"","_cdp_origin":"","_cdp_origin_site":"","_cdp_origin_title":"","_cdp_counter":"","_links":{"self":[{"href":"https:\/\/turisme.olocau.es\/ca\/wp-json\/wp\/v2\/posts\/10654","targetHints":{"allow":["GET"]}}],"collection":[{"href":"https:\/\/turisme.olocau.es\/ca\/wp-json\/wp\/v2\/posts"}],"about":[{"href":"https:\/\/turisme.olocau.es\/ca\/wp-json\/wp\/v2\/types\/post"}],"author":[{"embeddable":true,"href":"https:\/\/turisme.olocau.es\/ca\/wp-json\/wp\/v2\/users\/2"}],"replies":[{"embeddable":true,"href":"https:\/\/turisme.olocau.es\/ca\/wp-json\/wp\/v2\/comments?post=10654"}],"version-history":[{"count":4,"href":"https:\/\/turisme.olocau.es\/ca\/wp-json\/wp\/v2\/posts\/10654\/revisions"}],"predecessor-version":[{"id":10658,"href":"https:\/\/turisme.olocau.es\/ca\/wp-json\/wp\/v2\/posts\/10654\/revisions\/10658"}],"wp:featuredmedia":[{"embeddable":true,"href":"https:\/\/turisme.olocau.es\/ca\/wp-json\/wp\/v2\/media\/10645"}],"wp:attachment":[{"href":"https:\/\/turisme.olocau.es\/ca\/wp-json\/wp\/v2\/media?parent=10654"}],"curies":[{"name":"wp","href":"https:\/\/api.w.org\/{rel}","templated":true}]}}